{"id":145195,"date":"2022-03-02T08:05:43","date_gmt":"2022-03-02T12:05:43","guid":{"rendered":"https:\/\/bobvarela.com\/?p=145195"},"modified":"2022-03-02T08:05:43","modified_gmt":"2022-03-02T12:05:43","slug":"laura-biagiotti-otoo-invierno-2022","status":"publish","type":"post","link":"https:\/\/bobvarela.com\/?p=145195","title":{"rendered":"Laura Biagiotti Oto&ntilde;o Invierno 2022"},"content":{"rendered":"<p align=\"justify\"><font size=\"3\">La colecci\u00f3n de oto\u00f1o de Lavinia Biagiotti reflej\u00f3 la evoluci\u00f3n de la dise\u00f1adora a medida que ampliaba a\u00fan m\u00e1s su alcance.<\/font><\/p>\n<p align=\"justify\"><font size=\"3\">Lavinia Biagiotti decidi\u00f3 celebrar su espect\u00e1culo de oto\u00f1o en la Centrale Montemartini de Roma, la primera central el\u00e9ctrica de la ciudad que data de 1912, que se convirti\u00f3 en un museo en 1997. La ubicaci\u00f3n es impresionante, ya que la arqueolog\u00eda industrial y cl\u00e1sica se encuentran en un contraste de hermosas estatuas de m\u00e1rmol, mosaicos preciosos y los motores diesel originales o la enorme caldera de vapor.<\/font><\/p>\n<p align=\"justify\"><font size=\"3\">La dise\u00f1adora, cuya empresa tiene su sede en Guidonia, a las afueras de Roma, ha estado destacando varios lugares emblem\u00e1ticos de la capital italiana, como el museo del Ara Pacis o la Piazza del Campidoglio en la Colina Capitolina, y despu\u00e9s de su exposici\u00f3n de primavera en el museo Maxxi, qued\u00f3 fascinada por la Centrale Montemartini porque sent\u00eda que pod\u00eda representar &#8220;la energ\u00eda de la belleza&#8221;.<\/font><\/p>\n<p align=\"justify\"><font size=\"3\">&#8220;Con demasiada frecuencia, la belleza de una estatua, de un vestido, de una pintura o de la naturaleza se imagina como est\u00e1tica, como algo para admirar, el vestido en una ventana, la estatua en un museo, pero me gusta la idea de traer belleza a nuestra vida cotidiana, en movimiento. Tal vez porque nuestra ropa estuvo colgada en nuestros armarios durante dos a\u00f1os&#8221;, explic\u00f3. &#8220;Las estatuas de las musas se encuentran en este museo y la moda es una musa moderna que hace que la mujer y la belleza sean centrales.&#8221;<\/font><\/p>\n<p align=\"justify\"><font size=\"3\">Biagiotti film\u00f3 el desfile, que se dio a conocer digitalmente el domingo durante la Semana de la Moda de Mil\u00e1n, ya que enfatiz\u00f3 la conexi\u00f3n con la ciudad. Su amiga Anna Cleveland abri\u00f3 el espect\u00e1culo con un vestido acampanado y con cintur\u00f3n debajo de un abrigo peludo de cachemira en un color totalmente blanco, un color caracter\u00edstico de la casa, y aqu\u00ed en sincron\u00eda con el tono de las estatuas. Los mosaicos del lugar inspiraron el patr\u00f3n de otro vestido de raso o una minifalda. El oro tambi\u00e9n era un color fuerte para Biagiotti, visto en un top de cachemira trenzado y una falda hasta el tobillo.<\/font><\/p>\n<p align=\"justify\"><font size=\"3\">Respondiendo a las necesidades diarias, tambi\u00e9n hab\u00eda una serie de trajes a rayas a medida y abrigos de polvo de dientes de perro, pero Biagiotti sabe que no puede ser todo trabajo y nada de juego y ofreci\u00f3 vestidos de noche flounced y ruched en tafet\u00e1n yuxtapuesto con vestidos de diosa que abrazan el cuerpo. La colecci\u00f3n reflej\u00f3 la evoluci\u00f3n de la dise\u00f1adora a medida que ampliaba a\u00fan m\u00e1s su alcance.<\/font><\/p>\n<p align=\"justify\">ngg_shortcode_0_placeholder<\/p>\n","protected":false},"excerpt":{"rendered":"<p>La colecci\u00f3n de oto\u00f1o de Lavinia Biagiotti reflej\u00f3 la evoluci\u00f3n de la dise\u00f1adora a medida que ampliaba a\u00fan m\u00e1s su alcance. Lavinia Biagiotti decidi\u00f3 celebrar su espect\u00e1culo de oto\u00f1o en la Centrale Montemartini de Roma, la primera central el\u00e9ctrica de&hellip;<\/p>\n<p class=\"more-link-p\"><a class=\"more-link\" href=\"https:\/\/bobvarela.com\/?p=145195\">Read more &rarr;<\/a><\/p>\n","protected":false},"author":1,"featured_media":0,"comment_status":"open","ping_status":"open","sticky":false,"template":"","format":"standard","meta":{"ngg_post_thumbnail":0,"footnotes":""},"categories":[4],"tags":[],"class_list":["post-145195","post","type-post","status-publish","format-standard","hentry","category-moda"],"_links":{"self":[{"href":"https:\/\/bobvarela.com\/index.php?rest_route=\/wp\/v2\/posts\/145195","targetHints":{"allow":["GET"]}}],"collection":[{"href":"https:\/\/bobvarela.com\/index.php?rest_route=\/wp\/v2\/posts"}],"about":[{"href":"https:\/\/bobvarela.com\/index.php?rest_route=\/wp\/v2\/types\/post"}],"author":[{"embeddable":true,"href":"https:\/\/bobvarela.com\/index.php?rest_route=\/wp\/v2\/users\/1"}],"replies":[{"embeddable":true,"href":"https:\/\/bobvarela.com\/index.php?rest_route=%2Fwp%2Fv2%2Fcomments&post=145195"}],"version-history":[{"count":1,"href":"https:\/\/bobvarela.com\/index.php?rest_route=\/wp\/v2\/posts\/145195\/revisions"}],"predecessor-version":[{"id":145196,"href":"https:\/\/bobvarela.com\/index.php?rest_route=\/wp\/v2\/posts\/145195\/revisions\/145196"}],"wp:attachment":[{"href":"https:\/\/bobvarela.com\/index.php?rest_route=%2Fwp%2Fv2%2Fmedia&parent=145195"}],"wp:term":[{"taxonomy":"category","embeddable":true,"href":"https:\/\/bobvarela.com\/index.php?rest_route=%2Fwp%2Fv2%2Fcategories&post=145195"},{"taxonomy":"post_tag","embeddable":true,"href":"https:\/\/bobvarela.com\/index.php?rest_route=%2Fwp%2Fv2%2Ftags&post=145195"}],"curies":[{"name":"wp","href":"https:\/\/api.w.org\/{rel}","templated":true}]}}