{"id":145243,"date":"2022-03-03T05:25:54","date_gmt":"2022-03-03T09:25:54","guid":{"rendered":"https:\/\/bobvarela.com\/?p=145243"},"modified":"2022-03-03T05:25:54","modified_gmt":"2022-03-03T09:25:54","slug":"victoria-tomas-rtw-otoo-invierno-2022","status":"publish","type":"post","link":"https:\/\/bobvarela.com\/?p=145243","title":{"rendered":"Victoria\/Tomas RTW Oto&ntilde;o Invierno 2022"},"content":{"rendered":"<p align=\"justify\"><font size=\"3\">Victoria Feldman y Tomas Berzins contaron una historia de la mayor\u00eda de edad para el oto\u00f1o.<\/font><\/p>\n<p align=\"justify\"><font size=\"3\">Era una historia de mayor\u00eda de edad que Victoria Feldman y Tomas Berzins quer\u00edan contar con su colecci\u00f3n de oto\u00f1o, una en la que no est\u00e1s muy seguro de a d\u00f3nde vas, pero ve all\u00ed lo har\u00e1s. Fue una met\u00e1fora apropiada para Feldman, cuyo beb\u00e9 nacer\u00e1 dentro de solo dos semanas.<\/font><\/p>\n<p align=\"justify\"><font size=\"3\">Jugaron con contrastes en sus dise\u00f1os reversibles caracter\u00edsticos, haciendo que un lado de una chaqueta fuera m\u00e1s sartorial, el otro adornado con lentejuelas plateadas, por ejemplo, asintiendo con la cabeza al tema m\u00e1s adulto. En otros lugares, las lentejuelas transparentes se cosieron en un mosaico de cheques de espiga, funcionando como un vestido con cremallera con largos detalles de flecos amarillos.<\/font><\/p>\n<p align=\"justify\"><font size=\"3\">Volantes de tul plumetis salieron alternativamente de debajo de una minifalda abotonada y un combo de chaqueta recortada, trabajados en rojo, azul o negro, o crearon una capa superior que fluye en contraste con las formas estructuradas debajo. Se utilizaron cremalleras para resaltar el cuerpo, curvando alrededor del ombligo en las faldas y resaltando la cintura en las chaquetas recortadas.<\/font><\/p>\n<p align=\"justify\"><font size=\"3\">Por segunda vez, Feldman y Berzins presentaron el trabajo de Cyril Lancelin, encargando las estrellas inflables gigantes que rodeaban la pasarela, un patio cubierto en la recientemente renovada oficina central de correos de Par\u00eds donde los transe\u00fantes tambi\u00e9n pod\u00edan disfrutar del espect\u00e1culo.<\/font><\/p>\n<p align=\"justify\"><font size=\"3\">Las obras de arte tambi\u00e9n encontraron su camino en la colecci\u00f3n, presentando como un motivo gr\u00e1fico en abrigos de lana, como mini-versiones llevadas por los modelos, o evocadas en detalles de remache en piezas de cuero.<\/font><\/p>\n<p align=\"justify\"><font size=\"3\">La banda sonora cont\u00f3 con la voz de la cantante y actriz francesa Louane, tambi\u00e9n una joven madre, se\u00f1al\u00f3 Feldman entre bastidores, quien abri\u00f3 el espect\u00e1culo.<\/font><\/p>\n<p align=\"justify\"><font size=\"3\">Feldman y Berzins compararon la colecci\u00f3n con un rompecabezas sin instrucciones, lo que significa que tuvieron que usar su intuici\u00f3n para completar la imagen. Incluso sin previo aviso, su visi\u00f3n era clara y su expresi\u00f3n distintiva.<\/font><\/p>\n<p align=\"justify\">ngg_shortcode_0_placeholder<\/p>\n","protected":false},"excerpt":{"rendered":"<p>Victoria Feldman y Tomas Berzins contaron una historia de la mayor\u00eda de edad para el oto\u00f1o. Era una historia de mayor\u00eda de edad que Victoria Feldman y Tomas Berzins quer\u00edan contar con su colecci\u00f3n de oto\u00f1o, una en la que&hellip;<\/p>\n<p class=\"more-link-p\"><a class=\"more-link\" href=\"https:\/\/bobvarela.com\/?p=145243\">Read more &rarr;<\/a><\/p>\n","protected":false},"author":1,"featured_media":0,"comment_status":"open","ping_status":"open","sticky":false,"template":"","format":"standard","meta":{"ngg_post_thumbnail":0,"footnotes":""},"categories":[4],"tags":[],"class_list":["post-145243","post","type-post","status-publish","format-standard","hentry","category-moda"],"_links":{"self":[{"href":"https:\/\/bobvarela.com\/index.php?rest_route=\/wp\/v2\/posts\/145243","targetHints":{"allow":["GET"]}}],"collection":[{"href":"https:\/\/bobvarela.com\/index.php?rest_route=\/wp\/v2\/posts"}],"about":[{"href":"https:\/\/bobvarela.com\/index.php?rest_route=\/wp\/v2\/types\/post"}],"author":[{"embeddable":true,"href":"https:\/\/bobvarela.com\/index.php?rest_route=\/wp\/v2\/users\/1"}],"replies":[{"embeddable":true,"href":"https:\/\/bobvarela.com\/index.php?rest_route=%2Fwp%2Fv2%2Fcomments&post=145243"}],"version-history":[{"count":1,"href":"https:\/\/bobvarela.com\/index.php?rest_route=\/wp\/v2\/posts\/145243\/revisions"}],"predecessor-version":[{"id":145244,"href":"https:\/\/bobvarela.com\/index.php?rest_route=\/wp\/v2\/posts\/145243\/revisions\/145244"}],"wp:attachment":[{"href":"https:\/\/bobvarela.com\/index.php?rest_route=%2Fwp%2Fv2%2Fmedia&parent=145243"}],"wp:term":[{"taxonomy":"category","embeddable":true,"href":"https:\/\/bobvarela.com\/index.php?rest_route=%2Fwp%2Fv2%2Fcategories&post=145243"},{"taxonomy":"post_tag","embeddable":true,"href":"https:\/\/bobvarela.com\/index.php?rest_route=%2Fwp%2Fv2%2Ftags&post=145243"}],"curies":[{"name":"wp","href":"https:\/\/api.w.org\/{rel}","templated":true}]}}