{"id":145343,"date":"2022-03-07T05:55:08","date_gmt":"2022-03-07T09:55:08","guid":{"rendered":"https:\/\/bobvarela.com\/?p=145343"},"modified":"2022-03-07T05:55:08","modified_gmt":"2022-03-07T09:55:08","slug":"isabel-marant-otoo-2022","status":"publish","type":"post","link":"https:\/\/bobvarela.com\/?p=145343","title":{"rendered":"Isabel Marant Oto&ntilde;o 2022"},"content":{"rendered":"<p align=\"justify\"><font size=\"3\">Isabel Marant tuvo el generalmente tranquilo Palais Royal rockeando el jueves para su presentaci\u00f3n de oto\u00f1o de 2022. Respaldada por la banda sonora de rock alternativo de la banda neoyorquina Blonde Redhead, Marant se adentr\u00f3 por completo en la est\u00e9tica cool-girl para su desfile de pr\u00eat-\u00e0-porter de oto\u00f1o de 2022 en la Semana de la Moda de Par\u00eds.<\/font><\/p>\n<p align=\"justify\"><font size=\"3\">Combinando su estilo bohemio habitual con piezas de tendencia para el oto\u00f1o, la nueva colecci\u00f3n presenta una mezcla de b\u00e1sicos elevados, looks de mezclilla inspirados en Y2K y vestidos disco de los 80. Las telas crudas como el nylon y el cuero fueron silenciadas por lentejuelas y detalles de flecos, lo que hizo que la colecci\u00f3n de este a\u00f1o fuera m\u00e1s fresca y sin esfuerzo que el espect\u00e1culo futurista y de otro mundo del oto\u00f1o pasado.<\/font><\/p>\n<p align=\"justify\"><font size=\"3\">Manteni\u00e9ndose fiel a sus ra\u00edces, la colecci\u00f3n de Marant se basa en tonos terrosos, con el naranja ne\u00f3n y el azul met\u00e1lico que destacan entre el beige arenoso y el negro. Los patrones extra\u00eddos de las alfombras persas le dan a la colecci\u00f3n un toque parisino \u00fanico, y los vestidos de su\u00e9ter esponjosos y las sudaderas desgastadas proporcionan un aire de comodidad.<\/font><\/p>\n<p align=\"justify\">ngg_shortcode_0_placeholder<\/p>\n","protected":false},"excerpt":{"rendered":"<p>Isabel Marant tuvo el generalmente tranquilo Palais Royal rockeando el jueves para su presentaci\u00f3n de oto\u00f1o de 2022. Respaldada por la banda sonora de rock alternativo de la banda neoyorquina Blonde Redhead, Marant se adentr\u00f3 por completo en la est\u00e9tica&hellip;<\/p>\n<p class=\"more-link-p\"><a class=\"more-link\" href=\"https:\/\/bobvarela.com\/?p=145343\">Read more &rarr;<\/a><\/p>\n","protected":false},"author":1,"featured_media":0,"comment_status":"open","ping_status":"open","sticky":false,"template":"","format":"standard","meta":{"ngg_post_thumbnail":0,"footnotes":""},"categories":[4],"tags":[],"class_list":["post-145343","post","type-post","status-publish","format-standard","hentry","category-moda"],"_links":{"self":[{"href":"https:\/\/bobvarela.com\/index.php?rest_route=\/wp\/v2\/posts\/145343","targetHints":{"allow":["GET"]}}],"collection":[{"href":"https:\/\/bobvarela.com\/index.php?rest_route=\/wp\/v2\/posts"}],"about":[{"href":"https:\/\/bobvarela.com\/index.php?rest_route=\/wp\/v2\/types\/post"}],"author":[{"embeddable":true,"href":"https:\/\/bobvarela.com\/index.php?rest_route=\/wp\/v2\/users\/1"}],"replies":[{"embeddable":true,"href":"https:\/\/bobvarela.com\/index.php?rest_route=%2Fwp%2Fv2%2Fcomments&post=145343"}],"version-history":[{"count":2,"href":"https:\/\/bobvarela.com\/index.php?rest_route=\/wp\/v2\/posts\/145343\/revisions"}],"predecessor-version":[{"id":145389,"href":"https:\/\/bobvarela.com\/index.php?rest_route=\/wp\/v2\/posts\/145343\/revisions\/145389"}],"wp:attachment":[{"href":"https:\/\/bobvarela.com\/index.php?rest_route=%2Fwp%2Fv2%2Fmedia&parent=145343"}],"wp:term":[{"taxonomy":"category","embeddable":true,"href":"https:\/\/bobvarela.com\/index.php?rest_route=%2Fwp%2Fv2%2Fcategories&post=145343"},{"taxonomy":"post_tag","embeddable":true,"href":"https:\/\/bobvarela.com\/index.php?rest_route=%2Fwp%2Fv2%2Ftags&post=145343"}],"curies":[{"name":"wp","href":"https:\/\/api.w.org\/{rel}","templated":true}]}}