{"id":145355,"date":"2022-03-10T20:02:31","date_gmt":"2022-03-11T00:02:31","guid":{"rendered":"https:\/\/bobvarela.com\/?p=145355"},"modified":"2022-03-10T20:17:25","modified_gmt":"2022-03-11T00:17:25","slug":"miss-mundo-de-puerto-rico-presenta-a-sus-31-candidatas-para-el-certamen-2022","status":"publish","type":"post","link":"https:\/\/bobvarela.com\/?p=145355","title":{"rendered":"Miss Mundo de Puerto Rico presenta a sus 31 candidatas para el certamen 2022"},"content":{"rendered":"<p align=\"center\">&nbsp;<\/p>\n<p align=\"justify\"><span style=\"font-size: medium;\"><a href=\"https:\/\/bobvarela.com\/wp-content\/uploads\/2022\/03\/FA1621.jpg\"><img loading=\"lazy\" decoding=\"async\" style=\"margin-right: auto; margin-left: auto; float: none; display: block; background-image: none;\" title=\"FA1621\" src=\"https:\/\/bobvarela.com\/wp-content\/uploads\/2022\/03\/FA1621_thumb.jpg\" alt=\"FA1621\" width=\"276\" height=\"187\" border=\"0\"\/><\/a><\/span><\/p>\n<p align=\"justify\"><span style=\"font-size: medium;\">La organizaci\u00f3n Miss Mundo de Puerto Rico present\u00f3 hoy en el Fairmont El San Juan Hotel al grupo de candidatas que participar\u00e1 en el certamen de esta edici\u00f3n. Un total de 31 j\u00f3venes se enfrentar\u00e1n en las cinco mini competencias que son parte de este concurso para disputarse la corona de este 2022. <\/span><\/p>\n<p align=\"justify\"><span style=\"font-size: medium;\">Previo al evento final que est\u00e1 pautado para celebrarse el 16 de junio, las candidatas competir\u00e1n en las mini competencias de Deporte, Top Model, Talento, Mejor Cuerpo y Belleza con Prop\u00f3sito. Durante la presentaci\u00f3n las candidatas recibieron por parte de la actual Miss Mundo de Puerto Rico, Aryam D\u00edaz Rosado la cinta con el nombre del municipio que cada una representar\u00e1. <\/span><\/p>\n<p align=\"center\"><span style=\"font-size: medium;\"><a href=\"https:\/\/bobvarela.com\/wp-content\/uploads\/2022\/03\/IMG_6263-2.jpg\"><img loading=\"lazy\" decoding=\"async\" style=\"display: inline; background-image: none;\" title=\"IMG_6263-2\" src=\"https:\/\/bobvarela.com\/wp-content\/uploads\/2022\/03\/IMG_6263-2_thumb.jpg\" alt=\"IMG_6263-2\" width=\"189\" height=\"281\" border=\"0\"\/><\/a><\/span><\/p>\n<p align=\"center\">&nbsp;<\/p>\n<p align=\"justify\"><span style=\"font-size: medium;\">Seg\u00fan detall\u00f3 la primera Miss World de Puerto Rico, Lady Wilnelia, este a\u00f1o el certamen cuenta con un grupo de candidatas bien fuertes, chicas muy preparadas y muy hermosas. \u201cEste a\u00f1o tendremos una gran competencia tanto por la calidad de las candidatas, por el n\u00famero de concursantes e igualmente por los eventos que hemos coordinado como parte del certamen\u201d, indic\u00f3.&nbsp; <\/span><\/p>\n<p align=\"justify\"><span style=\"font-size: medium;\">Por su parte, la directora del certamen Ana Avil\u00e9s Pag\u00e1n explic\u00f3 que este a\u00f1o se a\u00f1aden nuevos eventos gracias a un buen grupo de auspiciadores. Entre los eventos se destaca la competencia preliminar en la que se eval\u00faan a todas las candidatas en trajes de ba\u00f1o y en vestido formal as\u00ed como la entrevista preliminar en la cual las candidatas ser\u00e1n evaluadas por un panel de jueces que buscar\u00e1 conocer m\u00e1s a fondo a las candidatas. <\/span><\/p>\n<p align=\"center\"><span style=\"font-size: medium;\"><a href=\"https:\/\/bobvarela.com\/wp-content\/uploads\/2022\/03\/IMG_5948-2.jpg\"><img loading=\"lazy\" decoding=\"async\" style=\"display: inline; background-image: none;\" title=\"IMG_5948-2\" src=\"https:\/\/bobvarela.com\/wp-content\/uploads\/2022\/03\/IMG_5948-2_thumb.jpg\" alt=\"IMG_5948-2\" width=\"218\" height=\"148\" border=\"0\"\/><\/a><a href=\"https:\/\/bobvarela.com\/wp-content\/uploads\/2022\/03\/IMG_5899-2.jpg\"><img loading=\"lazy\" decoding=\"async\" style=\"display: inline; background-image: none;\" title=\"IMG_5899-2\" src=\"https:\/\/bobvarela.com\/wp-content\/uploads\/2022\/03\/IMG_5899-2_thumb.jpg\" alt=\"IMG_5899-2\" width=\"208\" height=\"141\" border=\"0\"\/><\/a><a href=\"https:\/\/bobvarela.com\/wp-content\/uploads\/2022\/03\/IMG_5911-2.jpg\"><img loading=\"lazy\" decoding=\"async\" style=\"display: inline; background-image: none;\" title=\"IMG_5911-2\" src=\"https:\/\/bobvarela.com\/wp-content\/uploads\/2022\/03\/IMG_5911-2_thumb.jpg\" alt=\"IMG_5911-2\" width=\"206\" height=\"140\" border=\"0\"\/><\/a><\/span><\/p>\n<p align=\"justify\"><span style=\"font-size: medium;\">Adem\u00e1s, en esta edici\u00f3n se realizar\u00e1 la Gala de Belleza con Prop\u00f3sito pautada para el 11 de junio y que ser\u00e1 a beneficio de la Casa Cuna de San Juan. El primer evento que llevar\u00e1 a cabo la organizaci\u00f3n se ha denominado Convenci\u00f3n de Reinas y ser\u00e1 en Costa Bah\u00eda Hotel &amp; Convention Center en Guayanilla. Durante el fin de semana del 25 al 27 de marzo las concursantes participar\u00e1n de diversos talleres y charlas de entrenamiento. Para el 5 de abril est\u00e1 pautado el desfile de modas Alas a la mujer. Este evento se realizar\u00e1 en el Hotel Caribe Hilton y servir\u00e1 de plataforma para recaudar fondos a favor de las v\u00edctimas de violencia de g\u00e9nero. <\/span><\/p>\n<p align=\"justify\"><span style=\"font-size: medium;\">Por su parte, el director de mercadeo del certamen, Luis Omar Rivera Otero indic\u00f3 que la mini competencia de deportes ser\u00e1 el 10 de abril en los predios del Faro de Rinc\u00f3n y la mini competencia de top model el 14 de mayo en el Teatro Taboas de Manat\u00ed. La ganadora del top model tendr\u00e1 la oportunidad de presentar su portfolio y ser evaluada por la agencia Model One en Londres.<\/span><\/p>\n<p align=\"justify\"><span style=\"font-size: medium;\">Rivera Otero sostuvo que se realizar\u00e1n otras actividades como un evento de desaf\u00edo de discusi\u00f3n social sobre temas de importancia con el fin de presentar oportunidades y soluciones. <\/span><\/p>\n<p align=\"justify\"><span style=\"font-size: medium;\">Finalmente, D\u00edaz Rosado coment\u00f3 que este a\u00f1o ha sido \u00fanico e inigualable para ella. Indic\u00f3 que su trabajo a trav\u00e9s de la plataforma social de la organizaci\u00f3n Belleza con Prop\u00f3sito le ha permitido reconocer lo que verdaderamente es importante. Aunque antes de participar en el certamen Miss Mundo la reina realizaba labor social educando a ni\u00f1os y ni\u00f1as de Puerto Rico y Brasil a trav\u00e9s de diversos talleres educativos, su proyecto social cobr\u00f3 un mayor significado durante su reinado.&nbsp; \u201cNada me llena m\u00e1s que saber que estoy contribuyendo al futuro que se levanta. Cada vez que impactamos positivamente a un ni\u00f1o estamos salvando el futuro del mundo y eso es lo que me llevo de mi reinado para el resto de mi vida\u201d, coment\u00f3.<\/span><\/p>\n<p align=\"justify\">ngg_shortcode_0_placeholder<\/p>\n<p align=\"justify\"><span style=\"font-size: medium;\">&nbsp;<\/span><\/p>\n<p align=\"justify\"><span style=\"font-size: medium;\">&nbsp;<\/span><\/p>\n","protected":false},"excerpt":{"rendered":"<p>&nbsp; La organizaci\u00f3n Miss Mundo de Puerto Rico present\u00f3 hoy en el Fairmont El San Juan Hotel al grupo de candidatas que participar\u00e1 en el certamen de esta edici\u00f3n. Un total de 31 j\u00f3venes se enfrentar\u00e1n en las cinco mini&hellip;<\/p>\n<p class=\"more-link-p\"><a class=\"more-link\" href=\"https:\/\/bobvarela.com\/?p=145355\">Read more &rarr;<\/a><\/p>\n","protected":false},"author":1,"featured_media":0,"comment_status":"open","ping_status":"open","sticky":false,"template":"","format":"standard","meta":{"ngg_post_thumbnail":0,"footnotes":""},"categories":[5,165],"tags":[],"class_list":["post-145355","post","type-post","status-publish","format-standard","hentry","category-concursos","category-mundo"],"_links":{"self":[{"href":"https:\/\/bobvarela.com\/index.php?rest_route=\/wp\/v2\/posts\/145355","targetHints":{"allow":["GET"]}}],"collection":[{"href":"https:\/\/bobvarela.com\/index.php?rest_route=\/wp\/v2\/posts"}],"about":[{"href":"https:\/\/bobvarela.com\/index.php?rest_route=\/wp\/v2\/types\/post"}],"author":[{"embeddable":true,"href":"https:\/\/bobvarela.com\/index.php?rest_route=\/wp\/v2\/users\/1"}],"replies":[{"embeddable":true,"href":"https:\/\/bobvarela.com\/index.php?rest_route=%2Fwp%2Fv2%2Fcomments&post=145355"}],"version-history":[{"count":2,"href":"https:\/\/bobvarela.com\/index.php?rest_route=\/wp\/v2\/posts\/145355\/revisions"}],"predecessor-version":[{"id":145390,"href":"https:\/\/bobvarela.com\/index.php?rest_route=\/wp\/v2\/posts\/145355\/revisions\/145390"}],"wp:attachment":[{"href":"https:\/\/bobvarela.com\/index.php?rest_route=%2Fwp%2Fv2%2Fmedia&parent=145355"}],"wp:term":[{"taxonomy":"category","embeddable":true,"href":"https:\/\/bobvarela.com\/index.php?rest_route=%2Fwp%2Fv2%2Fcategories&post=145355"},{"taxonomy":"post_tag","embeddable":true,"href":"https:\/\/bobvarela.com\/index.php?rest_route=%2Fwp%2Fv2%2Ftags&post=145355"}],"curies":[{"name":"wp","href":"https:\/\/api.w.org\/{rel}","templated":true}]}}