{"id":145695,"date":"2022-03-24T06:00:47","date_gmt":"2022-03-24T10:00:47","guid":{"rendered":"https:\/\/bobvarela.com\/?p=145695"},"modified":"2022-03-24T06:00:47","modified_gmt":"2022-03-24T10:00:47","slug":"encinar-otono-invierno-2022","status":"publish","type":"post","link":"https:\/\/bobvarela.com\/?p=145695","title":{"rendered":"Encinar Otono Invierno 2022"},"content":{"rendered":"<p align=\"justify\"><font size=\"3\">La colecci\u00f3n de invierno 22 de Encinar es la continuaci\u00f3n de un di\u00e1logo creado entre las \u00faltimas temporadas por la firma: la evoluci\u00f3n de un discurso est\u00e9tico que comenz\u00f3 con una puesta en escena teatral interpretada por vol\u00famenes, tejidos descatalogados y rescatados de talleres a punto de cerrar&#8230; Nuestra propuesta es recuperar materiales que vivieron su \u00e9poca de esplendor en los 80s y que hoy buscan la segunda vida a trav\u00e9s del uso de los mismos para crear nuevas formas que recuerdan a los de hace varias d\u00e9cadas pero que entonan una visi\u00f3n m\u00e1s actual de la moda.<\/font><\/p>\n<p align=\"justify\"><font size=\"3\">El uso de stocks antiguos y la creaci\u00f3n de modelos reinventando la costura cl\u00e1sica, con formas que podr\u00edan recordar al folklore espa\u00f1ol, el exceso parisino y el underground de los 80s en barrios marginales; hacen que la colecci\u00f3n mantenga su est\u00e9tica en un origen: el lazo conductor de la firma en sus temporadas, que cada colecci\u00f3n pueda mezclarse entre s\u00ed sin diferencia y juntas construir una imagen ligada a las ra\u00edces, el arte, la tradici\u00f3n y la artesan\u00eda de la costura, todo ello llevado al ready to wear.<\/font><\/p>\n<p align=\"justify\">ngg_shortcode_0_placeholder<\/p>\n","protected":false},"excerpt":{"rendered":"<p>La colecci\u00f3n de invierno 22 de Encinar es la continuaci\u00f3n de un di\u00e1logo creado entre las \u00faltimas temporadas por la firma: la evoluci\u00f3n de un discurso est\u00e9tico que comenz\u00f3 con una puesta en escena teatral interpretada por vol\u00famenes, tejidos descatalogados&hellip;<\/p>\n<p class=\"more-link-p\"><a class=\"more-link\" href=\"https:\/\/bobvarela.com\/?p=145695\">Read more &rarr;<\/a><\/p>\n","protected":false},"author":1,"featured_media":0,"comment_status":"open","ping_status":"open","sticky":false,"template":"","format":"standard","meta":{"ngg_post_thumbnail":0,"footnotes":""},"categories":[521,4],"tags":[],"class_list":["post-145695","post","type-post","status-publish","format-standard","hentry","category-madrid","category-moda"],"_links":{"self":[{"href":"https:\/\/bobvarela.com\/index.php?rest_route=\/wp\/v2\/posts\/145695","targetHints":{"allow":["GET"]}}],"collection":[{"href":"https:\/\/bobvarela.com\/index.php?rest_route=\/wp\/v2\/posts"}],"about":[{"href":"https:\/\/bobvarela.com\/index.php?rest_route=\/wp\/v2\/types\/post"}],"author":[{"embeddable":true,"href":"https:\/\/bobvarela.com\/index.php?rest_route=\/wp\/v2\/users\/1"}],"replies":[{"embeddable":true,"href":"https:\/\/bobvarela.com\/index.php?rest_route=%2Fwp%2Fv2%2Fcomments&post=145695"}],"version-history":[{"count":1,"href":"https:\/\/bobvarela.com\/index.php?rest_route=\/wp\/v2\/posts\/145695\/revisions"}],"predecessor-version":[{"id":145696,"href":"https:\/\/bobvarela.com\/index.php?rest_route=\/wp\/v2\/posts\/145695\/revisions\/145696"}],"wp:attachment":[{"href":"https:\/\/bobvarela.com\/index.php?rest_route=%2Fwp%2Fv2%2Fmedia&parent=145695"}],"wp:term":[{"taxonomy":"category","embeddable":true,"href":"https:\/\/bobvarela.com\/index.php?rest_route=%2Fwp%2Fv2%2Fcategories&post=145695"},{"taxonomy":"post_tag","embeddable":true,"href":"https:\/\/bobvarela.com\/index.php?rest_route=%2Fwp%2Fv2%2Ftags&post=145695"}],"curies":[{"name":"wp","href":"https:\/\/api.w.org\/{rel}","templated":true}]}}