{"id":146189,"date":"2022-06-07T00:12:44","date_gmt":"2022-06-07T04:12:44","guid":{"rendered":"https:\/\/bobvarela.com\/?p=146189"},"modified":"2022-06-07T00:12:44","modified_gmt":"2022-06-07T04:12:44","slug":"leonel-lirio-presenta-su-coleccin-corazon-caribe-en-san-juan-moda","status":"publish","type":"post","link":"https:\/\/bobvarela.com\/?p=146189","title":{"rendered":"Leonel Lirio presenta su colecci&oacute;n CORAZON CARIBE en San Juan Moda"},"content":{"rendered":"<p align=\"justify\"><font size=\"3\">La colecci\u00f3n se llama CORAZON CARIBE , inspirada en los colores , tonos y materiales artesanales , que distinguen las creaciones echas con detalles a mano . La obra de la Maestra de La pl\u00e1stica Dominicana , Ada Balcacer , sirve de inspiraci\u00f3n para los estampados de algunos dise\u00f1os , sus colores y su expresionismo abstracto . Encajes , tules , chifones , charmousse , mikado , Peau de Soie , crep\u00e9 y brocados , nos conducen hacia una traves\u00eda de encantos Caribe\u00f1os para mostrar con sutil elegancia la personalidad de la mujer de manera cosmopolita y el coraz\u00f3n creativo de Leonel Lirio , con una trayectoria de 27 a\u00f1os , haciendo moda original , con tendencia pero atemporal , vers\u00e1til y con l\u00edneas de cortes retro fusionados con l\u00edneas modernas . Verdes intensos , acua , turquesa ,lavanda , rosa nude , rojo , amarillo , blanco , negro y un gran vestido naranja , como homenaje a la gala VOGUE , realizada dentro del evento San Juan Modas !!<\/font><\/p>\n<p align=\"justify\">ngg_shortcode_0_placeholder<\/p>\n","protected":false},"excerpt":{"rendered":"<p>La colecci\u00f3n se llama CORAZON CARIBE , inspirada en los colores , tonos y materiales artesanales , que distinguen las creaciones echas con detalles a mano . La obra de la Maestra de La pl\u00e1stica Dominicana , Ada Balcacer ,&hellip;<\/p>\n<p class=\"more-link-p\"><a class=\"more-link\" href=\"https:\/\/bobvarela.com\/?p=146189\">Read more &rarr;<\/a><\/p>\n","protected":false},"author":1,"featured_media":0,"comment_status":"open","ping_status":"open","sticky":false,"template":"","format":"standard","meta":{"ngg_post_thumbnail":0,"footnotes":""},"categories":[4,295],"tags":[],"class_list":["post-146189","post","type-post","status-publish","format-standard","hentry","category-moda","category-puerto-rico"],"_links":{"self":[{"href":"https:\/\/bobvarela.com\/index.php?rest_route=\/wp\/v2\/posts\/146189","targetHints":{"allow":["GET"]}}],"collection":[{"href":"https:\/\/bobvarela.com\/index.php?rest_route=\/wp\/v2\/posts"}],"about":[{"href":"https:\/\/bobvarela.com\/index.php?rest_route=\/wp\/v2\/types\/post"}],"author":[{"embeddable":true,"href":"https:\/\/bobvarela.com\/index.php?rest_route=\/wp\/v2\/users\/1"}],"replies":[{"embeddable":true,"href":"https:\/\/bobvarela.com\/index.php?rest_route=%2Fwp%2Fv2%2Fcomments&post=146189"}],"version-history":[{"count":1,"href":"https:\/\/bobvarela.com\/index.php?rest_route=\/wp\/v2\/posts\/146189\/revisions"}],"predecessor-version":[{"id":146190,"href":"https:\/\/bobvarela.com\/index.php?rest_route=\/wp\/v2\/posts\/146189\/revisions\/146190"}],"wp:attachment":[{"href":"https:\/\/bobvarela.com\/index.php?rest_route=%2Fwp%2Fv2%2Fmedia&parent=146189"}],"wp:term":[{"taxonomy":"category","embeddable":true,"href":"https:\/\/bobvarela.com\/index.php?rest_route=%2Fwp%2Fv2%2Fcategories&post=146189"},{"taxonomy":"post_tag","embeddable":true,"href":"https:\/\/bobvarela.com\/index.php?rest_route=%2Fwp%2Fv2%2Ftags&post=146189"}],"curies":[{"name":"wp","href":"https:\/\/api.w.org\/{rel}","templated":true}]}}