{"id":146268,"date":"2022-06-14T05:09:06","date_gmt":"2022-06-14T09:09:06","guid":{"rendered":"https:\/\/bobvarela.com\/?p=146268"},"modified":"2022-06-14T05:09:06","modified_gmt":"2022-06-14T09:09:06","slug":"trazos-del-corazn-de-bea-rodriguez","status":"publish","type":"post","link":"https:\/\/bobvarela.com\/?p=146268","title":{"rendered":"Trazos del Coraz&oacute;n de Bea Rodriguez"},"content":{"rendered":"<p align=\"justify\"><font size=\"3\">El significado de esta colecci\u00f3n para la dise\u00f1adora<\/font><\/p>\n<p align=\"justify\"><font size=\"3\">\u201cEsta colecci\u00f3n la llev\u00e9 a Par\u00eds con mucho orgullo en octubre 2021. Presento hoy en San Juan Moda una continuaci\u00f3n de lo que marc\u00f3 esa colecci\u00f3n pero con el \u201ctwist\u201d de la Stylist Cristina Ortiz quien lleva trabajando con nosotros por d\u00e9cadas. El styling de Par\u00eds lo hizo Gaby Valent\u00edn artista conocida por Iris Noemi. Es mi tercera vez participando en San Juan Moda sin embargo es mi primera pasarela para el evento. Estamos muy agradecidos y esperamos sea del disfrute de todos!\u201d<\/font><\/p>\nngg_shortcode_0_placeholder\n","protected":false},"excerpt":{"rendered":"<p>El significado de esta colecci\u00f3n para la dise\u00f1adora \u201cEsta colecci\u00f3n la llev\u00e9 a Par\u00eds con mucho orgullo en octubre 2021. Presento hoy en San Juan Moda una continuaci\u00f3n de lo que marc\u00f3 esa colecci\u00f3n pero con el \u201ctwist\u201d de la&hellip;<\/p>\n<p class=\"more-link-p\"><a class=\"more-link\" href=\"https:\/\/bobvarela.com\/?p=146268\">Read more &rarr;<\/a><\/p>\n","protected":false},"author":1,"featured_media":0,"comment_status":"open","ping_status":"open","sticky":false,"template":"","format":"standard","meta":{"ngg_post_thumbnail":0,"footnotes":""},"categories":[4,295],"tags":[],"class_list":["post-146268","post","type-post","status-publish","format-standard","hentry","category-moda","category-puerto-rico"],"_links":{"self":[{"href":"https:\/\/bobvarela.com\/index.php?rest_route=\/wp\/v2\/posts\/146268","targetHints":{"allow":["GET"]}}],"collection":[{"href":"https:\/\/bobvarela.com\/index.php?rest_route=\/wp\/v2\/posts"}],"about":[{"href":"https:\/\/bobvarela.com\/index.php?rest_route=\/wp\/v2\/types\/post"}],"author":[{"embeddable":true,"href":"https:\/\/bobvarela.com\/index.php?rest_route=\/wp\/v2\/users\/1"}],"replies":[{"embeddable":true,"href":"https:\/\/bobvarela.com\/index.php?rest_route=%2Fwp%2Fv2%2Fcomments&post=146268"}],"version-history":[{"count":1,"href":"https:\/\/bobvarela.com\/index.php?rest_route=\/wp\/v2\/posts\/146268\/revisions"}],"predecessor-version":[{"id":146269,"href":"https:\/\/bobvarela.com\/index.php?rest_route=\/wp\/v2\/posts\/146268\/revisions\/146269"}],"wp:attachment":[{"href":"https:\/\/bobvarela.com\/index.php?rest_route=%2Fwp%2Fv2%2Fmedia&parent=146268"}],"wp:term":[{"taxonomy":"category","embeddable":true,"href":"https:\/\/bobvarela.com\/index.php?rest_route=%2Fwp%2Fv2%2Fcategories&post=146268"},{"taxonomy":"post_tag","embeddable":true,"href":"https:\/\/bobvarela.com\/index.php?rest_route=%2Fwp%2Fv2%2Ftags&post=146268"}],"curies":[{"name":"wp","href":"https:\/\/api.w.org\/{rel}","templated":true}]}}