{"id":146407,"date":"2022-06-17T21:08:18","date_gmt":"2022-06-18T01:08:18","guid":{"rendered":"https:\/\/bobvarela.com\/?p=146407"},"modified":"2022-06-17T21:08:18","modified_gmt":"2022-06-18T01:08:18","slug":"valdy-x-quetzacoatl-en-san-juan-moda","status":"publish","type":"post","link":"https:\/\/bobvarela.com\/?p=146407","title":{"rendered":"&ldquo;Valdy x Quetzacoatl&rdquo; en San Juan Moda"},"content":{"rendered":"<p align=\"justify\"><font size=\"3\">La collection \u201cValdy x Quetzacoatl\u201d esta inspirada en las obras de arte del artista William Quetzacoatl, en especial \u201cLa cara Quet\u201d que es ese rostro femenino muy peculiar y distintivo del artista que se repite en muchas de sus pjnturas. Es un rostro muy imponente, con mucha fuerza. Me inspir\u00e9 en \u00e9l para el total look. Entre los colores est\u00e1 el negro, usado de fondo en varias de sus obras; el color vino, el dorado (que lo aplica mucho tambi\u00e9n en sus pinturas) y los colores lavandas y violetas. Entre los textiles esta el chiffon de seda, el guipur y tules bordados en pedreria y lentejuelas.<\/font><\/p>\nngg_shortcode_0_placeholder\n","protected":false},"excerpt":{"rendered":"<p>La collection \u201cValdy x Quetzacoatl\u201d esta inspirada en las obras de arte del artista William Quetzacoatl, en especial \u201cLa cara Quet\u201d que es ese rostro femenino muy peculiar y distintivo del artista que se repite en muchas de sus pjnturas.&hellip;<\/p>\n<p class=\"more-link-p\"><a class=\"more-link\" href=\"https:\/\/bobvarela.com\/?p=146407\">Read more &rarr;<\/a><\/p>\n","protected":false},"author":1,"featured_media":0,"comment_status":"open","ping_status":"open","sticky":false,"template":"","format":"standard","meta":{"ngg_post_thumbnail":0,"footnotes":""},"categories":[4,295],"tags":[],"class_list":["post-146407","post","type-post","status-publish","format-standard","hentry","category-moda","category-puerto-rico"],"_links":{"self":[{"href":"https:\/\/bobvarela.com\/index.php?rest_route=\/wp\/v2\/posts\/146407","targetHints":{"allow":["GET"]}}],"collection":[{"href":"https:\/\/bobvarela.com\/index.php?rest_route=\/wp\/v2\/posts"}],"about":[{"href":"https:\/\/bobvarela.com\/index.php?rest_route=\/wp\/v2\/types\/post"}],"author":[{"embeddable":true,"href":"https:\/\/bobvarela.com\/index.php?rest_route=\/wp\/v2\/users\/1"}],"replies":[{"embeddable":true,"href":"https:\/\/bobvarela.com\/index.php?rest_route=%2Fwp%2Fv2%2Fcomments&post=146407"}],"version-history":[{"count":1,"href":"https:\/\/bobvarela.com\/index.php?rest_route=\/wp\/v2\/posts\/146407\/revisions"}],"predecessor-version":[{"id":146408,"href":"https:\/\/bobvarela.com\/index.php?rest_route=\/wp\/v2\/posts\/146407\/revisions\/146408"}],"wp:attachment":[{"href":"https:\/\/bobvarela.com\/index.php?rest_route=%2Fwp%2Fv2%2Fmedia&parent=146407"}],"wp:term":[{"taxonomy":"category","embeddable":true,"href":"https:\/\/bobvarela.com\/index.php?rest_route=%2Fwp%2Fv2%2Fcategories&post=146407"},{"taxonomy":"post_tag","embeddable":true,"href":"https:\/\/bobvarela.com\/index.php?rest_route=%2Fwp%2Fv2%2Ftags&post=146407"}],"curies":[{"name":"wp","href":"https:\/\/api.w.org\/{rel}","templated":true}]}}