{"id":146565,"date":"2022-06-27T06:10:45","date_gmt":"2022-06-27T10:10:45","guid":{"rendered":"https:\/\/bobvarela.com\/?p=146565"},"modified":"2022-06-27T06:10:45","modified_gmt":"2022-06-27T10:10:45","slug":"zadig-voltaire-fall-winter-2022-2023","status":"publish","type":"post","link":"https:\/\/bobvarela.com\/?p=146565","title":{"rendered":"Zadig &amp; Voltaire Fall Winter 2022-2023"},"content":{"rendered":"<p align=\"justify\"><font size=\"3\">Zadig &amp; Voltaire regres\u00f3 a Par\u00eds para su \u00faltima colecci\u00f3n. Presentado fuera del calendario, el espect\u00e1culo se llev\u00f3 a cabo en la sala dorada del Mus\u00e9e des Arts D\u00e9coratifs con la pasarela rodeada de andamios, simbolizando una marca que est\u00e1 en construcci\u00f3n y se est\u00e1 construyendo para el crecimiento.<\/font><\/p>\n<p align=\"justify\"><font size=\"3\">El regreso a su ciudad natal despu\u00e9s de cinco a\u00f1os de exposici\u00f3n en Nueva York representa una reinvenci\u00f3n para la casa de moda francesa y una duplicaci\u00f3n de sus ra\u00edces. Inspirada en los movimientos sociales de 1968, la dise\u00f1adora Cecilia Bonstrom ten\u00eda toques de vibraciones folcl\u00f3ricas de los a\u00f1os 60 en chalecos de esquila y chaquetas Nehru de terciopelo negro intrincadamente bordadas, mientras que todav\u00eda estaba orientada a la generaci\u00f3n TikTok de hoy con muchos midriffs tonificados en exhibici\u00f3n.<\/font><\/p>\n<p align=\"justify\"><font size=\"3\">Los pantalones plateados brillantes se yuxtapusieron con vestidos holgados en r\u00e1fagas de colores brillantes. El ambiente vari\u00f3 desde indulgente con faldas estilo lencer\u00eda de lentejuelas y encaje, hasta industrial con doble mezclilla y tops con bata inspirados en la ropa de trabajo. La gamuza arrugada fue una nueva adici\u00f3n en el estilo Zadig, que ha utilizado la t\u00e9cnica artesanal en otros textiles.<\/font><\/p>\n<p align=\"justify\"><font size=\"3\">Los tejidos gruesos agregaron un toque acogedor que se mantuvo fiel a las ra\u00edces rock-chic de la marca. Despu\u00e9s de todo, es una colecci\u00f3n de oto\u00f1o, el pr\u00eat-\u00e0-porter femenino en exhibici\u00f3n justo antes de la Semana del Hombre de <\/font><font size=\"3\">Par\u00eds<\/font><font size=\"3\"> en un movimiento dise\u00f1ado para crear revuelo en las redes sociales antes de que llegue a las tiendas el 1 de julio.<\/font><\/p>\n<p align=\"justify\">ngg_shortcode_0_placeholder<\/p>\n<p align=\"justify\"><\/p>\n<p align=\"justify\"><font size=\"3\"><\/font><\/p>\n","protected":false},"excerpt":{"rendered":"<p>Zadig &amp; Voltaire regres\u00f3 a Par\u00eds para su \u00faltima colecci\u00f3n. Presentado fuera del calendario, el espect\u00e1culo se llev\u00f3 a cabo en la sala dorada del Mus\u00e9e des Arts D\u00e9coratifs con la pasarela rodeada de andamios, simbolizando una marca que est\u00e1&hellip;<\/p>\n<p class=\"more-link-p\"><a class=\"more-link\" href=\"https:\/\/bobvarela.com\/?p=146565\">Read more &rarr;<\/a><\/p>\n","protected":false},"author":1,"featured_media":0,"comment_status":"open","ping_status":"open","sticky":false,"template":"","format":"standard","meta":{"ngg_post_thumbnail":0,"footnotes":""},"categories":[4],"tags":[],"class_list":["post-146565","post","type-post","status-publish","format-standard","hentry","category-moda"],"_links":{"self":[{"href":"https:\/\/bobvarela.com\/index.php?rest_route=\/wp\/v2\/posts\/146565","targetHints":{"allow":["GET"]}}],"collection":[{"href":"https:\/\/bobvarela.com\/index.php?rest_route=\/wp\/v2\/posts"}],"about":[{"href":"https:\/\/bobvarela.com\/index.php?rest_route=\/wp\/v2\/types\/post"}],"author":[{"embeddable":true,"href":"https:\/\/bobvarela.com\/index.php?rest_route=\/wp\/v2\/users\/1"}],"replies":[{"embeddable":true,"href":"https:\/\/bobvarela.com\/index.php?rest_route=%2Fwp%2Fv2%2Fcomments&post=146565"}],"version-history":[{"count":1,"href":"https:\/\/bobvarela.com\/index.php?rest_route=\/wp\/v2\/posts\/146565\/revisions"}],"predecessor-version":[{"id":146566,"href":"https:\/\/bobvarela.com\/index.php?rest_route=\/wp\/v2\/posts\/146565\/revisions\/146566"}],"wp:attachment":[{"href":"https:\/\/bobvarela.com\/index.php?rest_route=%2Fwp%2Fv2%2Fmedia&parent=146565"}],"wp:term":[{"taxonomy":"category","embeddable":true,"href":"https:\/\/bobvarela.com\/index.php?rest_route=%2Fwp%2Fv2%2Fcategories&post=146565"},{"taxonomy":"post_tag","embeddable":true,"href":"https:\/\/bobvarela.com\/index.php?rest_route=%2Fwp%2Fv2%2Ftags&post=146565"}],"curies":[{"name":"wp","href":"https:\/\/api.w.org\/{rel}","templated":true}]}}