{"id":146567,"date":"2022-06-27T06:20:39","date_gmt":"2022-06-27T10:20:39","guid":{"rendered":"https:\/\/bobvarela.com\/?p=146567"},"modified":"2022-06-27T06:20:39","modified_gmt":"2022-06-27T10:20:39","slug":"coleccin-y-project-primavera-verano-2023","status":"publish","type":"post","link":"https:\/\/bobvarela.com\/?p=146567","title":{"rendered":"Colecci&oacute;n Y\/PROJECT Primavera Verano 2023"},"content":{"rendered":"<p align=\"justify\"><font size=\"3\">Para el espect\u00e1culo <strong>Y\/Project<\/strong> Primavera Verano 2023, Glen Martens invit\u00f3 a los invitados a un exuberante jard\u00edn parisino. Presentada durante la <\/font><font size=\"3\">Actual Semana de la Moda de Par\u00eds<\/font><font size=\"3\">, la colecci\u00f3n juega con la relaci\u00f3n entre lo real y lo falso, mientras que las siluetas constantemente intrigan y se reinventan.<\/font><\/p>\n<p align=\"justify\"><font size=\"3\">La colecci\u00f3n Primavera Verano 2023 presenta la segunda fase de la colaboraci\u00f3n continua de la marca con Jean Paul Gaultier. Aqu\u00ed, los modelos emblem\u00e1ticos de Y\/Project se proyectan en los atuendos, con los m\u00faltiples cuellos y cinturones (escaneados e impresos en las siluetas), mientras que las sudaderas y camisetas cuentan con el estampado de jeans de cintura alta.<\/font><\/p>\n<p align=\"justify\"><font size=\"3\">La obsesi\u00f3n de Martens con el denim contin\u00faa a trav\u00e9s de un trampantojo sobre un pa\u00f1uelo de seda, las piezas de denim ensambladas como punto, as\u00ed como con el jacqueron bordado en versi\u00f3n XXL en una camiseta o reinterpretado como pendientes met\u00e1licos.<\/font><\/p>\n<p align=\"justify\"><font size=\"3\">Siempre presente en la colecci\u00f3n Y\/Project, la elegancia se logra a trav\u00e9s de vestidos y blazers con paneles desmontables, correas de nylon transparentes y camisetas flotantes sin mangas.<\/font><\/p>\n<p align=\"justify\"><font size=\"3\">Una cierta dosis de iron\u00eda siempre est\u00e1 presente como leitmotiv. Los tops est\u00e1n cubiertos con siluetas de beb\u00e9 groseras, los pendientes dorados vienen en forma de mano de dedo que da, botas de lluvia de pl\u00e1stico transparentes caladas, hechas en colaboraci\u00f3n con Melissa.<\/font><\/p>\n<p align=\"justify\">ngg_shortcode_0_placeholder<\/p>\n","protected":false},"excerpt":{"rendered":"<p>Para el espect\u00e1culo Y\/Project Primavera Verano 2023, Glen Martens invit\u00f3 a los invitados a un exuberante jard\u00edn parisino. Presentada durante la Actual Semana de la Moda de Par\u00eds, la colecci\u00f3n juega con la relaci\u00f3n entre lo real y lo falso,&hellip;<\/p>\n<p class=\"more-link-p\"><a class=\"more-link\" href=\"https:\/\/bobvarela.com\/?p=146567\">Read more &rarr;<\/a><\/p>\n","protected":false},"author":1,"featured_media":0,"comment_status":"open","ping_status":"open","sticky":false,"template":"","format":"standard","meta":{"ngg_post_thumbnail":0,"footnotes":""},"categories":[4],"tags":[],"class_list":["post-146567","post","type-post","status-publish","format-standard","hentry","category-moda"],"_links":{"self":[{"href":"https:\/\/bobvarela.com\/index.php?rest_route=\/wp\/v2\/posts\/146567","targetHints":{"allow":["GET"]}}],"collection":[{"href":"https:\/\/bobvarela.com\/index.php?rest_route=\/wp\/v2\/posts"}],"about":[{"href":"https:\/\/bobvarela.com\/index.php?rest_route=\/wp\/v2\/types\/post"}],"author":[{"embeddable":true,"href":"https:\/\/bobvarela.com\/index.php?rest_route=\/wp\/v2\/users\/1"}],"replies":[{"embeddable":true,"href":"https:\/\/bobvarela.com\/index.php?rest_route=%2Fwp%2Fv2%2Fcomments&post=146567"}],"version-history":[{"count":1,"href":"https:\/\/bobvarela.com\/index.php?rest_route=\/wp\/v2\/posts\/146567\/revisions"}],"predecessor-version":[{"id":146568,"href":"https:\/\/bobvarela.com\/index.php?rest_route=\/wp\/v2\/posts\/146567\/revisions\/146568"}],"wp:attachment":[{"href":"https:\/\/bobvarela.com\/index.php?rest_route=%2Fwp%2Fv2%2Fmedia&parent=146567"}],"wp:term":[{"taxonomy":"category","embeddable":true,"href":"https:\/\/bobvarela.com\/index.php?rest_route=%2Fwp%2Fv2%2Fcategories&post=146567"},{"taxonomy":"post_tag","embeddable":true,"href":"https:\/\/bobvarela.com\/index.php?rest_route=%2Fwp%2Fv2%2Ftags&post=146567"}],"curies":[{"name":"wp","href":"https:\/\/api.w.org\/{rel}","templated":true}]}}