{"id":146700,"date":"2022-06-28T06:07:11","date_gmt":"2022-06-28T10:07:11","guid":{"rendered":"https:\/\/bobvarela.com\/?p=146700"},"modified":"2022-06-28T06:07:11","modified_gmt":"2022-06-28T10:07:11","slug":"marine-serre-estado-del-alma-primavera-verano-2023","status":"publish","type":"post","link":"https:\/\/bobvarela.com\/?p=146700","title":{"rendered":"Marine Serre &#8216;estado del alma&#8217; primavera verano 2023"},"content":{"rendered":"<p align=\"justify\"><font size=\"3\"><strong>Marine Serre<\/strong> presenta la colecci\u00f3n SS23, titulada &#8216;<strong>State of Soul<\/strong>&#8216;. El espect\u00e1culo busca una &#8220;traducci\u00f3n un poco poco convencional del <em>franc\u00e9s \u00e9tat d&#8217;esprit<\/em>. La colecci\u00f3n busca &#8220;el poder regenerativo que proviene de unirse en una celebraci\u00f3n alegre&#8221;.<\/font><\/p>\n<p align=\"justify\"><font size=\"3\">La inclusi\u00f3n es un valor importante para la marca al celebrar su sexto aniversario. La casa invit\u00f3 a 1.500 de los seguidores de la casa a unirse a la celebraci\u00f3n del espect\u00e1culo y una noche de verano, con m\u00fasica, comida y bebidas.<\/font><\/p>\n<p align=\"justify\"><font size=\"3\">&#8220;Ese enfoque en la celebraci\u00f3n explica la elecci\u00f3n inusual de un lugar de campo de atletismo. Porque hay pocas cosas en la vida que puedan proporcionarnos tanta alegr\u00eda verdadera como estar en movimiento, definitivamente hay una raz\u00f3n por la que sentimos un &#8220;subid\u00f3n&#8221; al participar en deportes.<\/font><\/p>\n<p align=\"justify\"><font size=\"3\">Y la verdadera participaci\u00f3n significa que estamos dispuestos a dejar atr\u00e1s nuestros tel\u00e9fonos omnipresentes y las preocupaciones cotidianas, junto con todos los temores de ser torpes o fuera de control, a medida que entramos en el poderoso trance de estar completamente en el momento, centr\u00e1ndonos en perfeccionar nuestros movimientos y empuj\u00e1ndonos al m\u00e1ximo, al tiempo que nos permitimos experimentar una liberaci\u00f3n singular. a medida que nos conectamos de nuevas maneras con la naturaleza y los dem\u00e1s&#8221;.<\/font><\/p>\n<p align=\"justify\">ngg_shortcode_0_placeholder<\/p>\n","protected":false},"excerpt":{"rendered":"<p>Marine Serre presenta la colecci\u00f3n SS23, titulada &#8216;State of Soul&#8216;. El espect\u00e1culo busca una &#8220;traducci\u00f3n un poco poco convencional del franc\u00e9s \u00e9tat d&#8217;esprit. La colecci\u00f3n busca &#8220;el poder regenerativo que proviene de unirse en una celebraci\u00f3n alegre&#8221;. La inclusi\u00f3n es&hellip;<\/p>\n<p class=\"more-link-p\"><a class=\"more-link\" href=\"https:\/\/bobvarela.com\/?p=146700\">Read more &rarr;<\/a><\/p>\n","protected":false},"author":1,"featured_media":0,"comment_status":"open","ping_status":"open","sticky":false,"template":"","format":"standard","meta":{"ngg_post_thumbnail":0,"footnotes":""},"categories":[4],"tags":[],"class_list":["post-146700","post","type-post","status-publish","format-standard","hentry","category-moda"],"_links":{"self":[{"href":"https:\/\/bobvarela.com\/index.php?rest_route=\/wp\/v2\/posts\/146700","targetHints":{"allow":["GET"]}}],"collection":[{"href":"https:\/\/bobvarela.com\/index.php?rest_route=\/wp\/v2\/posts"}],"about":[{"href":"https:\/\/bobvarela.com\/index.php?rest_route=\/wp\/v2\/types\/post"}],"author":[{"embeddable":true,"href":"https:\/\/bobvarela.com\/index.php?rest_route=\/wp\/v2\/users\/1"}],"replies":[{"embeddable":true,"href":"https:\/\/bobvarela.com\/index.php?rest_route=%2Fwp%2Fv2%2Fcomments&post=146700"}],"version-history":[{"count":1,"href":"https:\/\/bobvarela.com\/index.php?rest_route=\/wp\/v2\/posts\/146700\/revisions"}],"predecessor-version":[{"id":146701,"href":"https:\/\/bobvarela.com\/index.php?rest_route=\/wp\/v2\/posts\/146700\/revisions\/146701"}],"wp:attachment":[{"href":"https:\/\/bobvarela.com\/index.php?rest_route=%2Fwp%2Fv2%2Fmedia&parent=146700"}],"wp:term":[{"taxonomy":"category","embeddable":true,"href":"https:\/\/bobvarela.com\/index.php?rest_route=%2Fwp%2Fv2%2Fcategories&post=146700"},{"taxonomy":"post_tag","embeddable":true,"href":"https:\/\/bobvarela.com\/index.php?rest_route=%2Fwp%2Fv2%2Ftags&post=146700"}],"curies":[{"name":"wp","href":"https:\/\/api.w.org\/{rel}","templated":true}]}}