{"id":146755,"date":"2022-07-04T11:48:15","date_gmt":"2022-07-04T15:48:15","guid":{"rendered":"https:\/\/bobvarela.com\/?p=146755"},"modified":"2022-07-04T11:48:15","modified_gmt":"2022-07-04T15:48:15","slug":"joseph-daponte-in-honor-of-art-fw-2022","status":"publish","type":"post","link":"https:\/\/bobvarela.com\/?p=146755","title":{"rendered":"Joseph Da&#8217;Ponte  &quot;In honor of Art&quot; f|W 2022"},"content":{"rendered":"<p align=\"justify\"><font size=\"3\">El desfile de Joseph Da&#8217;Ponte titulado &#8220;In honor of Art&#8221; f|W 2022 fue mostrado en el Sal\u00f3n Protocolar de la Oficina de Servicios Legislativos, Capitolio de Puerto Rico el 2 de julio de 2022<\/font><\/p>\n<p align=\"justify\"><font size=\"3\">La inspiraci\u00f3n para este desfile de moda fue la&nbsp; retrospectiva de la vida de dise\u00f1ador . Es el conjunto de las mezclas de mis pasiones: moda, arte, museos e historia. Entrelazando con obras de artista locales e internacionales como: Jos\u00e9 Campeche, Lorenzo Homar, Arnaldo Roche, Antonio Martorell, Miguel Angel, Leonardo Da&#8217;Vinci, Vel\u00e1zquez, Mir\u00f3, entre otros.<\/font><\/p>\n<p align=\"justify\"><font size=\"3\">Tiene un elemento de enfoque que es la pieza est\u00e1n hechos de materiales reciclados de botellas pl\u00e1sticas Sublimados por la compa\u00f1\u00eda Emprom sublimaci\u00f3n de textiles. La cual en colaboraci\u00f3n se da a demostrar que se puede traer nuevamente la industria textil a Puerto Rico y aplicar lo que es el reciclaje en nuestra isla.<\/font><\/p>\n<p align=\"justify\"><font size=\"3\">Ha sido un reto el escoger sobre 40 obras de arte entre local e internacional para crear este desfile. Fue dise\u00f1ado, pensado y creado para mostrar al espectador&nbsp; que en nuestra isla se puede crear una gran&nbsp; variedad de textiles,&nbsp; reciclando el pl\u00e1stico y as\u00ed expandir la industria del reciclaje, la industria textil y tener una visi\u00f3n para la conservaci\u00f3n de nuestra isla.<\/font><\/p>\n<p align=\"justify\"><font size=\"3\"><br \/>\nEn conjunto a las gafas de Crown eyewaear y las viseras de Reyes Play se creo una manera de apreciar el arte de otra manera que es la moda en conjunto a la ambientaci\u00f3n a cargo de PRStage.<\/font><\/p>\n<p align=\"justify\">ngg_shortcode_0_placeholder<\/p>\n","protected":false},"excerpt":{"rendered":"<p>El desfile de Joseph Da&#8217;Ponte titulado &#8220;In honor of Art&#8221; f|W 2022 fue mostrado en el Sal\u00f3n Protocolar de la Oficina de Servicios Legislativos, Capitolio de Puerto Rico el 2 de julio de 2022 La inspiraci\u00f3n para este desfile de&hellip;<\/p>\n<p class=\"more-link-p\"><a class=\"more-link\" href=\"https:\/\/bobvarela.com\/?p=146755\">Read more &rarr;<\/a><\/p>\n","protected":false},"author":1,"featured_media":0,"comment_status":"open","ping_status":"open","sticky":false,"template":"","format":"standard","meta":{"ngg_post_thumbnail":0,"footnotes":""},"categories":[4,295],"tags":[],"class_list":["post-146755","post","type-post","status-publish","format-standard","hentry","category-moda","category-puerto-rico"],"_links":{"self":[{"href":"https:\/\/bobvarela.com\/index.php?rest_route=\/wp\/v2\/posts\/146755","targetHints":{"allow":["GET"]}}],"collection":[{"href":"https:\/\/bobvarela.com\/index.php?rest_route=\/wp\/v2\/posts"}],"about":[{"href":"https:\/\/bobvarela.com\/index.php?rest_route=\/wp\/v2\/types\/post"}],"author":[{"embeddable":true,"href":"https:\/\/bobvarela.com\/index.php?rest_route=\/wp\/v2\/users\/1"}],"replies":[{"embeddable":true,"href":"https:\/\/bobvarela.com\/index.php?rest_route=%2Fwp%2Fv2%2Fcomments&post=146755"}],"version-history":[{"count":1,"href":"https:\/\/bobvarela.com\/index.php?rest_route=\/wp\/v2\/posts\/146755\/revisions"}],"predecessor-version":[{"id":146756,"href":"https:\/\/bobvarela.com\/index.php?rest_route=\/wp\/v2\/posts\/146755\/revisions\/146756"}],"wp:attachment":[{"href":"https:\/\/bobvarela.com\/index.php?rest_route=%2Fwp%2Fv2%2Fmedia&parent=146755"}],"wp:term":[{"taxonomy":"category","embeddable":true,"href":"https:\/\/bobvarela.com\/index.php?rest_route=%2Fwp%2Fv2%2Fcategories&post=146755"},{"taxonomy":"post_tag","embeddable":true,"href":"https:\/\/bobvarela.com\/index.php?rest_route=%2Fwp%2Fv2%2Ftags&post=146755"}],"curies":[{"name":"wp","href":"https:\/\/api.w.org\/{rel}","templated":true}]}}