{"id":146892,"date":"2022-07-05T07:06:06","date_gmt":"2022-07-05T11:06:06","guid":{"rendered":"https:\/\/bobvarela.com\/?p=146892"},"modified":"2022-07-05T07:06:06","modified_gmt":"2022-07-05T11:06:06","slug":"coleccin-ss23-de-paco-rabanne","status":"publish","type":"post","link":"https:\/\/bobvarela.com\/?p=146892","title":{"rendered":"Colecci&oacute;n SS23 de Paco Rabanne"},"content":{"rendered":"<p align=\"justify\"><font size=\"3\">Julien Dossena<\/font><font size=\"3\"> mostr\u00f3 su colecci\u00f3n <\/font><font size=\"3\">Primavera\/Verano 2023<\/font><font size=\"3\"> para <\/font><font size=\"3\">Paco Rabanne<\/font><font size=\"3\"> a trav\u00e9s de una presentaci\u00f3n fuera de calendario en <\/font><font size=\"3\">Par\u00eds<\/font><font size=\"3\">.<\/font><\/p>\n<p align=\"justify\"><font size=\"3\">El dise\u00f1ador, que envi\u00f3 <\/font><font size=\"3\">invitaciones hechas<\/font><font size=\"3\"> de caucho natural negro antes del desfile, jug\u00f3 con texturas y colores para la pasarela titulada &#8220;On a Mission&#8221;. El desfile comenz\u00f3 con adornos de encaje en tops e inferiores a juego, junto con botas cubiertas de cadena y una versi\u00f3n nano del bolso de hombro de cota de malla de la marca. Gargantillas de cuero, accesorios para la cabeza y pulseras abrochadas complementaban el look, que inclu\u00eda adem\u00e1s flecos y andamios, un homenaje a los primeros d\u00edas de Paco Rabanne.<\/font><\/p>\n<p align=\"justify\"><font size=\"3\">Dossena utiliz\u00f3 materiales como el l\u00e1tex y el PVC para dise\u00f1os inspirados en el fetiche, apareciendo tambi\u00e9n en forma de correas de cuero colocadas sobre monos florales. Los atuendos se mantuvieron din\u00e1micos mediante el uso de varios colores y estampados, mientras que modelos selectas se pavoneaban por la pasarela vistiendo plata met\u00e1lica de la cabeza a los pies. Los detalles de Trampantojo fueron vistos en camisetas con gr\u00e1ficos que crean la ilusi\u00f3n de collares de cadena. La colecci\u00f3n se complet\u00f3 con patrones de pintura abstractos salpicados en vestidos y abrigos brillantes.<\/font><\/p>\n<p align=\"justify\">ngg_shortcode_0_placeholder<\/p>\n","protected":false},"excerpt":{"rendered":"<p>Julien Dossena mostr\u00f3 su colecci\u00f3n Primavera\/Verano 2023 para Paco Rabanne a trav\u00e9s de una presentaci\u00f3n fuera de calendario en Par\u00eds. El dise\u00f1ador, que envi\u00f3 invitaciones hechas de caucho natural negro antes del desfile, jug\u00f3 con texturas y colores para la&hellip;<\/p>\n<p class=\"more-link-p\"><a class=\"more-link\" href=\"https:\/\/bobvarela.com\/?p=146892\">Read more &rarr;<\/a><\/p>\n","protected":false},"author":1,"featured_media":0,"comment_status":"open","ping_status":"open","sticky":false,"template":"","format":"standard","meta":{"ngg_post_thumbnail":0,"footnotes":""},"categories":[4],"tags":[],"class_list":["post-146892","post","type-post","status-publish","format-standard","hentry","category-moda"],"_links":{"self":[{"href":"https:\/\/bobvarela.com\/index.php?rest_route=\/wp\/v2\/posts\/146892","targetHints":{"allow":["GET"]}}],"collection":[{"href":"https:\/\/bobvarela.com\/index.php?rest_route=\/wp\/v2\/posts"}],"about":[{"href":"https:\/\/bobvarela.com\/index.php?rest_route=\/wp\/v2\/types\/post"}],"author":[{"embeddable":true,"href":"https:\/\/bobvarela.com\/index.php?rest_route=\/wp\/v2\/users\/1"}],"replies":[{"embeddable":true,"href":"https:\/\/bobvarela.com\/index.php?rest_route=%2Fwp%2Fv2%2Fcomments&post=146892"}],"version-history":[{"count":1,"href":"https:\/\/bobvarela.com\/index.php?rest_route=\/wp\/v2\/posts\/146892\/revisions"}],"predecessor-version":[{"id":146893,"href":"https:\/\/bobvarela.com\/index.php?rest_route=\/wp\/v2\/posts\/146892\/revisions\/146893"}],"wp:attachment":[{"href":"https:\/\/bobvarela.com\/index.php?rest_route=%2Fwp%2Fv2%2Fmedia&parent=146892"}],"wp:term":[{"taxonomy":"category","embeddable":true,"href":"https:\/\/bobvarela.com\/index.php?rest_route=%2Fwp%2Fv2%2Fcategories&post=146892"},{"taxonomy":"post_tag","embeddable":true,"href":"https:\/\/bobvarela.com\/index.php?rest_route=%2Fwp%2Fv2%2Ftags&post=146892"}],"curies":[{"name":"wp","href":"https:\/\/api.w.org\/{rel}","templated":true}]}}