{"id":147150,"date":"2022-07-06T05:47:46","date_gmt":"2022-07-06T09:47:46","guid":{"rendered":"https:\/\/bobvarela.com\/?p=147150"},"modified":"2022-07-06T05:47:46","modified_gmt":"2022-07-06T09:47:46","slug":"armani-priv-otoo-invierno-2022","status":"publish","type":"post","link":"https:\/\/bobvarela.com\/?p=147150","title":{"rendered":"ARMANI PRIV&Eacute; OTO&Ntilde;O INVIERNO 2022"},"content":{"rendered":"<p align=\"justify\"><font size=\"3\">En el desfile de oto\u00f1o de 2022 de Armani Prive se&nbsp; exhibieron vestidos largos, sin tirantes, relucientes con un aspecto casi ingr\u00e1vido, al igual que salpicaduras de azules y rosas intensos para refractar contra la paleta de blanco y negro.<\/font><\/p>\n<p align=\"justify\"><font size=\"3\">&#8220;El realismo, un rasgo distintivo dentro del estilo de Giorgio Armani, siempre filtrado a trav\u00e9s de su visi\u00f3n personal e interpretado a trav\u00e9s del arte refinado, es una presencia constante en una colecci\u00f3n que surge de la necesidad de dar un nuevo espacio al brillo y la frivolidad, ofreciendo en sue\u00f1os y creatividad&#8221;, se lee en las notas de la muestra.<\/font><\/p>\n<p align=\"justify\"><font size=\"3\">&#8220;Como era en la d\u00e9cada de 1920. Aqu\u00ed destilada por una inefable capacidad de s\u00edntesis, la est\u00e9tica de aquella d\u00e9cada reverbera en la figura de una mujer de car\u00e1cter fuerte, independiente y brillante: p\u00e9tillant, como Tamara de Lempicka&#8221;.<\/font><\/p>\n<p align=\"justify\"><font size=\"3\">Lempicka fue una artista que captur\u00f3 los brillos y las costumbres sexuales del Par\u00eds de 1920 con su pincel. Pint\u00f3 y se mezcl\u00f3 con la \u00e9lite de la sociedad francesa, convirti\u00e9ndose en la amante de un bar\u00f3n, lo que le vali\u00f3 el apodo de &#8220;La baronesa con un pincel&#8221;.<\/font><\/p>\n<p align=\"justify\"><font size=\"3\">En esta colecci\u00f3n, los ecos de la &#8220;elegancia rebelde&#8221; de Lempicka se sienten en la &#8220;sucesi\u00f3n de siluetas, primero m\u00ednimas y lineales, luego voluminosas y evanescentes, y en la forma individual en que se usan&#8221;.<\/font><\/p>\n<p align=\"justify\">ngg_shortcode_0_placeholder<\/p>\n","protected":false},"excerpt":{"rendered":"<p>En el desfile de oto\u00f1o de 2022 de Armani Prive se&nbsp; exhibieron vestidos largos, sin tirantes, relucientes con un aspecto casi ingr\u00e1vido, al igual que salpicaduras de azules y rosas intensos para refractar contra la paleta de blanco y negro.&hellip;<\/p>\n<p class=\"more-link-p\"><a class=\"more-link\" href=\"https:\/\/bobvarela.com\/?p=147150\">Read more &rarr;<\/a><\/p>\n","protected":false},"author":1,"featured_media":0,"comment_status":"open","ping_status":"open","sticky":false,"template":"","format":"standard","meta":{"ngg_post_thumbnail":0,"footnotes":""},"categories":[4],"tags":[],"class_list":["post-147150","post","type-post","status-publish","format-standard","hentry","category-moda"],"_links":{"self":[{"href":"https:\/\/bobvarela.com\/index.php?rest_route=\/wp\/v2\/posts\/147150","targetHints":{"allow":["GET"]}}],"collection":[{"href":"https:\/\/bobvarela.com\/index.php?rest_route=\/wp\/v2\/posts"}],"about":[{"href":"https:\/\/bobvarela.com\/index.php?rest_route=\/wp\/v2\/types\/post"}],"author":[{"embeddable":true,"href":"https:\/\/bobvarela.com\/index.php?rest_route=\/wp\/v2\/users\/1"}],"replies":[{"embeddable":true,"href":"https:\/\/bobvarela.com\/index.php?rest_route=%2Fwp%2Fv2%2Fcomments&post=147150"}],"version-history":[{"count":1,"href":"https:\/\/bobvarela.com\/index.php?rest_route=\/wp\/v2\/posts\/147150\/revisions"}],"predecessor-version":[{"id":147151,"href":"https:\/\/bobvarela.com\/index.php?rest_route=\/wp\/v2\/posts\/147150\/revisions\/147151"}],"wp:attachment":[{"href":"https:\/\/bobvarela.com\/index.php?rest_route=%2Fwp%2Fv2%2Fmedia&parent=147150"}],"wp:term":[{"taxonomy":"category","embeddable":true,"href":"https:\/\/bobvarela.com\/index.php?rest_route=%2Fwp%2Fv2%2Fcategories&post=147150"},{"taxonomy":"post_tag","embeddable":true,"href":"https:\/\/bobvarela.com\/index.php?rest_route=%2Fwp%2Fv2%2Ftags&post=147150"}],"curies":[{"name":"wp","href":"https:\/\/api.w.org\/{rel}","templated":true}]}}