{"id":147152,"date":"2022-07-06T05:53:36","date_gmt":"2022-07-06T09:53:36","guid":{"rendered":"https:\/\/bobvarela.com\/?p=147152"},"modified":"2022-07-06T05:53:36","modified_gmt":"2022-07-06T09:53:36","slug":"giambattista-valli-otoo-invierno-2022","status":"publish","type":"post","link":"https:\/\/bobvarela.com\/?p=147152","title":{"rendered":"GIAMBATTISTA VALLI OTO&Ntilde;O INVIERNO 2022"},"content":{"rendered":"<p align=\"justify\"><font size=\"3\">Giambattista Valli fue a toda m\u00e1quina para el desfile de moda de Par\u00eds de su marca hom\u00f3nima el lunes por la noche, marcando 10 a\u00f1os en el calendario oficial de alta costura franc\u00e9s enviando monta\u00f1as de tul y trenes ondulantes para dar un giro bajo luces brillantes, y la mirada de los fan\u00e1ticos que vitorean.<\/font><\/p>\n<p align=\"justify\"><font size=\"3\">Las modelos salieron de una pared de globos de fiesta brillantes, flamencos rosados apretados contra ponis arco\u00edris, con gafas de sol anchas con ojos de gato y extensiones de cabello burlonas. Se levantaron las faldas mientras cruzaban la pista y redondeaban las columnas espejadas mientras una c\u00e1mara robot rodaba de un lado a otro.<\/font><\/p>\n<p align=\"justify\"><font size=\"3\">Las siluetas eran amplias y variadas, con vol\u00famenes que cambiaban. Las mangas se hinchaban de los hombros, y las faldas se fund\u00edan anchas, se usaban en niveles incorporados como pasteles en capas, o se ajustaban, y de repente se extend\u00edan en la parte inferior en una r\u00e1faga de amarillo, rosa o turquesa.<\/font><\/p>\n<p align=\"justify\"><font size=\"3\">En un gui\u00f1o a sus vestidos topiarios caracter\u00edsticos, Valli envi\u00f3 un brillante traje de lentejuelas plateado con anillos de plumas blancas de avestruz alrededor de las piernas.<\/font><\/p>\n<p align=\"justify\"><font size=\"3\">&#8220;Es como la generosidad del abrazo. Es un abrazo de flores, un abrazo de plumas, un abrazo de tul. Hay todos estos ramos que te abrazan; es un placer compartir momentos felices juntos&#8221;, dijo Vallie a <em>Reuters<\/em>.<\/font><\/p>\n<p align=\"justify\"><font size=\"3\">La colecci\u00f3n trataba sobre vivir el momento, explic\u00f3.<\/font><\/p>\n<p align=\"justify\"><font size=\"3\">&#8220;No miro demasiado en el futuro, o demasiado en el pasado&#8221;, dijo. &#8220;Creo que esta es la gran lecci\u00f3n de los \u00faltimos a\u00f1os&#8221;.<\/font><\/p>\n<p align=\"justify\">ngg_shortcode_0_placeholder<\/p>\n","protected":false},"excerpt":{"rendered":"<p>Giambattista Valli fue a toda m\u00e1quina para el desfile de moda de Par\u00eds de su marca hom\u00f3nima el lunes por la noche, marcando 10 a\u00f1os en el calendario oficial de alta costura franc\u00e9s enviando monta\u00f1as de tul y trenes ondulantes&hellip;<\/p>\n<p class=\"more-link-p\"><a class=\"more-link\" href=\"https:\/\/bobvarela.com\/?p=147152\">Read more &rarr;<\/a><\/p>\n","protected":false},"author":1,"featured_media":0,"comment_status":"open","ping_status":"open","sticky":false,"template":"","format":"standard","meta":{"ngg_post_thumbnail":0,"footnotes":""},"categories":[4],"tags":[],"class_list":["post-147152","post","type-post","status-publish","format-standard","hentry","category-moda"],"_links":{"self":[{"href":"https:\/\/bobvarela.com\/index.php?rest_route=\/wp\/v2\/posts\/147152","targetHints":{"allow":["GET"]}}],"collection":[{"href":"https:\/\/bobvarela.com\/index.php?rest_route=\/wp\/v2\/posts"}],"about":[{"href":"https:\/\/bobvarela.com\/index.php?rest_route=\/wp\/v2\/types\/post"}],"author":[{"embeddable":true,"href":"https:\/\/bobvarela.com\/index.php?rest_route=\/wp\/v2\/users\/1"}],"replies":[{"embeddable":true,"href":"https:\/\/bobvarela.com\/index.php?rest_route=%2Fwp%2Fv2%2Fcomments&post=147152"}],"version-history":[{"count":1,"href":"https:\/\/bobvarela.com\/index.php?rest_route=\/wp\/v2\/posts\/147152\/revisions"}],"predecessor-version":[{"id":147153,"href":"https:\/\/bobvarela.com\/index.php?rest_route=\/wp\/v2\/posts\/147152\/revisions\/147153"}],"wp:attachment":[{"href":"https:\/\/bobvarela.com\/index.php?rest_route=%2Fwp%2Fv2%2Fmedia&parent=147152"}],"wp:term":[{"taxonomy":"category","embeddable":true,"href":"https:\/\/bobvarela.com\/index.php?rest_route=%2Fwp%2Fv2%2Fcategories&post=147152"},{"taxonomy":"post_tag","embeddable":true,"href":"https:\/\/bobvarela.com\/index.php?rest_route=%2Fwp%2Fv2%2Ftags&post=147152"}],"curies":[{"name":"wp","href":"https:\/\/api.w.org\/{rel}","templated":true}]}}