{"id":147284,"date":"2022-07-26T15:21:46","date_gmt":"2022-07-26T19:21:46","guid":{"rendered":"https:\/\/bobvarela.com\/?p=147284"},"modified":"2022-07-27T07:01:57","modified_gmt":"2022-07-27T11:01:57","slug":"fovari-otoo-invierno-2022-23","status":"publish","type":"post","link":"https:\/\/bobvarela.com\/?p=147284","title":{"rendered":"FOVARI OTO&Ntilde;O INVIERNO 2022-23"},"content":{"rendered":"<p><font size=\"3\">Como ser eco-responsable ya no es una opci\u00f3n y producir respetando la vida es imposible, simplemente es imprescindible cambiar el paradigma porque ya no se trata de &#8220;producir&#8221;. La humanidad s\u00f3lo podr\u00e1 sobrevivir volviendo a poner en el centro de su actividad la \u00fanica noci\u00f3n que deber\u00eda haber guiado nuestra vida: el arte. &#8220;Crear&#8221; en lugar de &#8220;producir&#8221;. Esto es lo que Fovari quiere recordarnos a trav\u00e9s de esta colecci\u00f3n de Le Parfum des Nuages. Las nubes son el ciclo del agua, y por tanto de la vida. Su perfume es nuestra alma, la de la humanidad. Los materiales son et\u00e9reos<\/font><\/p>\n<p><font size=\"3\">La arquitectura es el hilo rojo del armario: vaporosas mangas de nube en tafet\u00e1n, faldas vaporosas en seda y organza, pantalones de raso de talle alto y tops de crep\u00e9.<br \/>Del blanco lechoso al negro con acentos chispeantes, como el de una noche estrellada, del rosa p\u00e1lido del amanecer al plateado del cenit, pasando por los violetas, azules y naranjas de la lluvia de verano, la elecci\u00f3n de materiales eco-responsables enfatiza Elegancia refinada y chic atemporal.<\/font><\/p>\n<p><font size=\"3\">La ligereza de los materiales, su belleza a\u00e9rea, de suave movimiento, subrayan la impermanencia de toda vida, como nubes fugaces que, a trav\u00e9s de un ciclo que cre\u00edamos inmutable, hacen llover vida.<\/font><\/p>\nngg_shortcode_0_placeholder\n","protected":false},"excerpt":{"rendered":"<p>Como ser eco-responsable ya no es una opci\u00f3n y producir respetando la vida es imposible, simplemente es imprescindible cambiar el paradigma porque ya no se trata de &#8220;producir&#8221;. La humanidad s\u00f3lo podr\u00e1 sobrevivir volviendo a poner en el centro de&hellip;<\/p>\n<p class=\"more-link-p\"><a class=\"more-link\" href=\"https:\/\/bobvarela.com\/?p=147284\">Read more &rarr;<\/a><\/p>\n","protected":false},"author":1,"featured_media":0,"comment_status":"open","ping_status":"open","sticky":false,"template":"","format":"standard","meta":{"ngg_post_thumbnail":0,"footnotes":""},"categories":[4],"tags":[],"class_list":["post-147284","post","type-post","status-publish","format-standard","hentry","category-moda"],"_links":{"self":[{"href":"https:\/\/bobvarela.com\/index.php?rest_route=\/wp\/v2\/posts\/147284","targetHints":{"allow":["GET"]}}],"collection":[{"href":"https:\/\/bobvarela.com\/index.php?rest_route=\/wp\/v2\/posts"}],"about":[{"href":"https:\/\/bobvarela.com\/index.php?rest_route=\/wp\/v2\/types\/post"}],"author":[{"embeddable":true,"href":"https:\/\/bobvarela.com\/index.php?rest_route=\/wp\/v2\/users\/1"}],"replies":[{"embeddable":true,"href":"https:\/\/bobvarela.com\/index.php?rest_route=%2Fwp%2Fv2%2Fcomments&post=147284"}],"version-history":[{"count":2,"href":"https:\/\/bobvarela.com\/index.php?rest_route=\/wp\/v2\/posts\/147284\/revisions"}],"predecessor-version":[{"id":147379,"href":"https:\/\/bobvarela.com\/index.php?rest_route=\/wp\/v2\/posts\/147284\/revisions\/147379"}],"wp:attachment":[{"href":"https:\/\/bobvarela.com\/index.php?rest_route=%2Fwp%2Fv2%2Fmedia&parent=147284"}],"wp:term":[{"taxonomy":"category","embeddable":true,"href":"https:\/\/bobvarela.com\/index.php?rest_route=%2Fwp%2Fv2%2Fcategories&post=147284"},{"taxonomy":"post_tag","embeddable":true,"href":"https:\/\/bobvarela.com\/index.php?rest_route=%2Fwp%2Fv2%2Ftags&post=147284"}],"curies":[{"name":"wp","href":"https:\/\/api.w.org\/{rel}","templated":true}]}}