{"id":147626,"date":"2022-08-24T04:58:39","date_gmt":"2022-08-24T08:58:39","guid":{"rendered":"https:\/\/bobvarela.com\/?p=147626"},"modified":"2022-08-24T04:58:39","modified_gmt":"2022-08-24T08:58:39","slug":"alfredo-martnez-primavera-verano-2023","status":"publish","type":"post","link":"https:\/\/bobvarela.com\/?p=147626","title":{"rendered":"Alfredo Mart&iacute;nez Primavera Verano 2023"},"content":{"rendered":"<p align=\"justify\"><font size=\"3\">Alfredo Mart\u00ednez, nos sorprendi\u00f3 sobre el escenario y las instalaciones del Teatro Macedonio Alcal\u00e1, en donde present\u00f3 una colecci\u00f3n nost\u00e1lgica inspirada en los 70s y la feminidad durante esa d\u00e9cada, resaltando piezas con cuellos y pu\u00f1os grandes, cortes a la cadera, mo\u00f1os gigantes y plisados y hasta pantalones en campana bajo una paleta de colores en donde el protagonista fue el plata, negro, verde lima y nude.<\/font>&nbsp;<\/p>\n<p align=\"justify\">ngg_shortcode_0_placeholder<\/p>\n","protected":false},"excerpt":{"rendered":"<p>Alfredo Mart\u00ednez, nos sorprendi\u00f3 sobre el escenario y las instalaciones del Teatro Macedonio Alcal\u00e1, en donde present\u00f3 una colecci\u00f3n nost\u00e1lgica inspirada en los 70s y la feminidad durante esa d\u00e9cada, resaltando piezas con cuellos y pu\u00f1os grandes, cortes a la&hellip;<\/p>\n<p class=\"more-link-p\"><a class=\"more-link\" href=\"https:\/\/bobvarela.com\/?p=147626\">Read more &rarr;<\/a><\/p>\n","protected":false},"author":1,"featured_media":0,"comment_status":"open","ping_status":"open","sticky":false,"template":"","format":"standard","meta":{"ngg_post_thumbnail":0,"footnotes":""},"categories":[4],"tags":[],"class_list":["post-147626","post","type-post","status-publish","format-standard","hentry","category-moda"],"_links":{"self":[{"href":"https:\/\/bobvarela.com\/index.php?rest_route=\/wp\/v2\/posts\/147626","targetHints":{"allow":["GET"]}}],"collection":[{"href":"https:\/\/bobvarela.com\/index.php?rest_route=\/wp\/v2\/posts"}],"about":[{"href":"https:\/\/bobvarela.com\/index.php?rest_route=\/wp\/v2\/types\/post"}],"author":[{"embeddable":true,"href":"https:\/\/bobvarela.com\/index.php?rest_route=\/wp\/v2\/users\/1"}],"replies":[{"embeddable":true,"href":"https:\/\/bobvarela.com\/index.php?rest_route=%2Fwp%2Fv2%2Fcomments&post=147626"}],"version-history":[{"count":1,"href":"https:\/\/bobvarela.com\/index.php?rest_route=\/wp\/v2\/posts\/147626\/revisions"}],"predecessor-version":[{"id":147627,"href":"https:\/\/bobvarela.com\/index.php?rest_route=\/wp\/v2\/posts\/147626\/revisions\/147627"}],"wp:attachment":[{"href":"https:\/\/bobvarela.com\/index.php?rest_route=%2Fwp%2Fv2%2Fmedia&parent=147626"}],"wp:term":[{"taxonomy":"category","embeddable":true,"href":"https:\/\/bobvarela.com\/index.php?rest_route=%2Fwp%2Fv2%2Fcategories&post=147626"},{"taxonomy":"post_tag","embeddable":true,"href":"https:\/\/bobvarela.com\/index.php?rest_route=%2Fwp%2Fv2%2Ftags&post=147626"}],"curies":[{"name":"wp","href":"https:\/\/api.w.org\/{rel}","templated":true}]}}