{"id":147628,"date":"2022-08-24T05:02:20","date_gmt":"2022-08-24T09:02:20","guid":{"rendered":"https:\/\/bobvarela.com\/?p=147628"},"modified":"2022-08-24T05:02:20","modified_gmt":"2022-08-24T09:02:20","slug":"kris-goyri-primavera-verano-2023","status":"publish","type":"post","link":"https:\/\/bobvarela.com\/?p=147628","title":{"rendered":"Kris Goyri Primavera Verano 2023"},"content":{"rendered":"<p align=\"justify\"><font size=\"3\">Cuando Kris Goyri se enter\u00f3 de que estar\u00eda organizando su colecci\u00f3n de primavera en un campo de agave en Oaxaca, inmediatamente pens\u00f3 en el gualumbo, la flor que crece de la planta de maguey. El gualumbo vendr\u00eda a inspirar su colecci\u00f3n, despu\u00e9s de descubrir su melanc\u00f3lica historia de vida. &#8220;El gualumbo nace en la cima de la vida del agave&#8221;, explic\u00f3 Goyri despu\u00e9s del espect\u00e1culo, &#8220;es el florecimiento de la planta que crece directamente hacia el cielo&#8221;.<\/font><\/p>\n<p align=\"justify\"><font size=\"3\">El sol en su cenit y las dulces notas del cantante oaxaque\u00f1o Rodrigo Pereyra resonaron en los campos de agave de la comunidad Mitla. Los vestidos y faldas de gabardina y lino -dos materiales con los que Goyri no suele trabajar- ofrec\u00edan el peso suficiente para aludir a la dureza de la rama que sujeta la flor de gualumbo. Las espinas del maguey fueron reinterpretadas en los ojales que aparecieron a lo largo de la colecci\u00f3n, sum\u00e1ndose a las proporciones maximalistas que eran especialmente visibles en los vestidos de capa. Mientras tanto, las faldas y los pantalones se recortaron en tonos de beige y verde que rindieron homenaje a los campos.<\/font><\/p>\n<p align=\"justify\"><font size=\"3\">En las manos de Kris Goyri, el esplendor del gualumbo reson\u00f3 en una vibrante paleta de colores de naranjas, rosas y sedas azules el\u00e9ctricas para crear una explosi\u00f3n de vida en la pasarela.<\/font><\/p>\nngg_shortcode_0_placeholder\n","protected":false},"excerpt":{"rendered":"<p>Cuando Kris Goyri se enter\u00f3 de que estar\u00eda organizando su colecci\u00f3n de primavera en un campo de agave en Oaxaca, inmediatamente pens\u00f3 en el gualumbo, la flor que crece de la planta de maguey. El gualumbo vendr\u00eda a inspirar su&hellip;<\/p>\n<p class=\"more-link-p\"><a class=\"more-link\" href=\"https:\/\/bobvarela.com\/?p=147628\">Read more &rarr;<\/a><\/p>\n","protected":false},"author":1,"featured_media":0,"comment_status":"open","ping_status":"open","sticky":false,"template":"","format":"standard","meta":{"ngg_post_thumbnail":0,"footnotes":""},"categories":[4],"tags":[],"class_list":["post-147628","post","type-post","status-publish","format-standard","hentry","category-moda"],"_links":{"self":[{"href":"https:\/\/bobvarela.com\/index.php?rest_route=\/wp\/v2\/posts\/147628","targetHints":{"allow":["GET"]}}],"collection":[{"href":"https:\/\/bobvarela.com\/index.php?rest_route=\/wp\/v2\/posts"}],"about":[{"href":"https:\/\/bobvarela.com\/index.php?rest_route=\/wp\/v2\/types\/post"}],"author":[{"embeddable":true,"href":"https:\/\/bobvarela.com\/index.php?rest_route=\/wp\/v2\/users\/1"}],"replies":[{"embeddable":true,"href":"https:\/\/bobvarela.com\/index.php?rest_route=%2Fwp%2Fv2%2Fcomments&post=147628"}],"version-history":[{"count":1,"href":"https:\/\/bobvarela.com\/index.php?rest_route=\/wp\/v2\/posts\/147628\/revisions"}],"predecessor-version":[{"id":147629,"href":"https:\/\/bobvarela.com\/index.php?rest_route=\/wp\/v2\/posts\/147628\/revisions\/147629"}],"wp:attachment":[{"href":"https:\/\/bobvarela.com\/index.php?rest_route=%2Fwp%2Fv2%2Fmedia&parent=147628"}],"wp:term":[{"taxonomy":"category","embeddable":true,"href":"https:\/\/bobvarela.com\/index.php?rest_route=%2Fwp%2Fv2%2Fcategories&post=147628"},{"taxonomy":"post_tag","embeddable":true,"href":"https:\/\/bobvarela.com\/index.php?rest_route=%2Fwp%2Fv2%2Ftags&post=147628"}],"curies":[{"name":"wp","href":"https:\/\/api.w.org\/{rel}","templated":true}]}}