{"id":147708,"date":"2022-08-31T06:18:13","date_gmt":"2022-08-31T10:18:13","guid":{"rendered":"https:\/\/bobvarela.com\/?p=147708"},"modified":"2022-08-31T06:18:13","modified_gmt":"2022-08-31T10:18:13","slug":"10ma-edicin-de-transfashion","status":"publish","type":"post","link":"https:\/\/bobvarela.com\/?p=147708","title":{"rendered":"10ma Edici&oacute;n de TRANSFASHION"},"content":{"rendered":"<p align=\"justify\"><font size=\"3\">La <b>10ma Edici\u00f3n de TRANSFASHION<\/b> se realiz\u00f3 el pasado viernes 26 de agosto de 2022, en el Centro para Puerto Rico \/ Fundacion Sila M Calderon, en R\u00edo Piedras donde 25 integrantes de las comunidades trans en todas sus diversidades ocupan la pasarela con piezas de los dise\u00f1adores y dise\u00f1adoras <\/font><\/p>\n<p align=\"justify\"><font size=\"3\">David Antonio, Eddie Laboyx, Felipe Seda<\/font><\/p>\n<p align=\"justify\"><font size=\"3\">Hector Omar , Innova Corsetry, Javier Arnaldo<\/font><\/p>\n<p align=\"justify\"><font size=\"3\">Juan Colon, Karlz Louis, Lilliana Diaz, <\/font><\/p>\n<p align=\"justify\"><font size=\"3\">Orlando Lopez, Ramon Rinaldi Droz, Sanel Rivera, <\/font><\/p>\n<p align=\"justify\"><font size=\"3\">Sonia Bonilla y Sonia Rivera<\/font><\/p>\n<p align=\"justify\"><font size=\"3\">En adici\u00f3n a estos 14 dise\u00f1adores, complementaron piezas de Lisa Thon, Jos\u00e9 Ra\u00fal, Jaer Cab\u00e1n y Orlando L\u00f3pez para el Runway DIVAS <\/font><\/p>\n<p align=\"justify\"><font size=\"3\">Nuestra actividad cont\u00f3 con la animaci\u00f3n de la compa\u00f1era Alexandra Rom\u00e1n y la modelo Maria Maria, un c\u00f3ctel de bienvenida, m\u00fasica y presentaciones de artistas del transformismo y la interpretaci\u00f3n Amalara Sofia, Anana Velvet, Desire Cardoza, Felix Chevremont, Rudys Martinez y Vanessa Fox.&nbsp; <\/font><\/p>\n<p align=\"justify\"><font size=\"3\">Esta edici\u00f3n fue la 2nda del 2022 ya que realizamos una edici\u00f3n especial durante la Semana de la Moda en la ciudad de Nueva York el pasado 19 de febrero en Caelum Gallery donde se presentaron las colecciones de Felipe Seda, Javier Arnaldo y Ramon Rinaldi Droz y complementaron la piezas de bisuter\u00eda del artista puertorrique\u00f1o radicado en NY Carlos Vega.<\/font><\/p>\n<p align=\"justify\"><font size=\"3\">ngg_shortcode_0_placeholder<\/font><\/p>\n","protected":false},"excerpt":{"rendered":"<p>La 10ma Edici\u00f3n de TRANSFASHION se realiz\u00f3 el pasado viernes 26 de agosto de 2022, en el Centro para Puerto Rico \/ Fundacion Sila M Calderon, en R\u00edo Piedras donde 25 integrantes de las comunidades trans en todas sus diversidades&hellip;<\/p>\n<p class=\"more-link-p\"><a class=\"more-link\" href=\"https:\/\/bobvarela.com\/?p=147708\">Read more &rarr;<\/a><\/p>\n","protected":false},"author":1,"featured_media":0,"comment_status":"open","ping_status":"open","sticky":false,"template":"","format":"standard","meta":{"ngg_post_thumbnail":0,"footnotes":""},"categories":[4,295],"tags":[],"class_list":["post-147708","post","type-post","status-publish","format-standard","hentry","category-moda","category-puerto-rico"],"_links":{"self":[{"href":"https:\/\/bobvarela.com\/index.php?rest_route=\/wp\/v2\/posts\/147708","targetHints":{"allow":["GET"]}}],"collection":[{"href":"https:\/\/bobvarela.com\/index.php?rest_route=\/wp\/v2\/posts"}],"about":[{"href":"https:\/\/bobvarela.com\/index.php?rest_route=\/wp\/v2\/types\/post"}],"author":[{"embeddable":true,"href":"https:\/\/bobvarela.com\/index.php?rest_route=\/wp\/v2\/users\/1"}],"replies":[{"embeddable":true,"href":"https:\/\/bobvarela.com\/index.php?rest_route=%2Fwp%2Fv2%2Fcomments&post=147708"}],"version-history":[{"count":1,"href":"https:\/\/bobvarela.com\/index.php?rest_route=\/wp\/v2\/posts\/147708\/revisions"}],"predecessor-version":[{"id":147709,"href":"https:\/\/bobvarela.com\/index.php?rest_route=\/wp\/v2\/posts\/147708\/revisions\/147709"}],"wp:attachment":[{"href":"https:\/\/bobvarela.com\/index.php?rest_route=%2Fwp%2Fv2%2Fmedia&parent=147708"}],"wp:term":[{"taxonomy":"category","embeddable":true,"href":"https:\/\/bobvarela.com\/index.php?rest_route=%2Fwp%2Fv2%2Fcategories&post=147708"},{"taxonomy":"post_tag","embeddable":true,"href":"https:\/\/bobvarela.com\/index.php?rest_route=%2Fwp%2Fv2%2Ftags&post=147708"}],"curies":[{"name":"wp","href":"https:\/\/api.w.org\/{rel}","templated":true}]}}