{"id":147807,"date":"2022-09-10T08:36:31","date_gmt":"2022-09-10T12:36:31","guid":{"rendered":"https:\/\/bobvarela.com\/?p=147807"},"modified":"2022-09-10T08:37:05","modified_gmt":"2022-09-10T12:37:05","slug":"christian-siriano-coleccin-de-primavera-de-2023","status":"publish","type":"post","link":"https:\/\/bobvarela.com\/?p=147807","title":{"rendered":"Christian Siriano  colecci&oacute;n de primavera de 2023"},"content":{"rendered":"<p align=\"justify\"><font size=\"3\">Rompiendo con el calendario tradicional de la <\/font><font size=\"3\">Semana de la Moda<\/font><font size=\"3\">, Christian Siriano organiz\u00f3 su desfile de primavera de 2023 en la antigua casa de Elizabeth Taylor en la ciudad de Nueva York el mi\u00e9rcoles 7 de septiembre. Con una multitud repleta de estrellas sentada en primera fila, incluida <\/font><font size=\"3\">Janet Jackson<\/font><font size=\"3\"> y su amiga de toda la vida Coca Rocha, la pasarela abri\u00f3 con un cl\u00e1sico traje negro de un solo pecho completado con una voluminosa faja de tafet\u00e1n que enmarca los hombros. Lo que sigui\u00f3 se puede describir como una serie de conjuntos de alto octanaje, la mayor\u00eda de ellos adecuados para una <\/font><font size=\"3\">fiesta de corbata blanca<\/font><font size=\"3\">.<\/font><\/p>\n<p align=\"justify\"><font size=\"3\">Bas\u00e1ndose en su <\/font><font size=\"3\">colecci\u00f3n de oto\u00f1o de 2022<\/font><font size=\"3\">, Siriano continu\u00f3 explorando el vestido de noche postpand\u00e9mico, expandiendo el glamour que su clientela ha estado anhelando. El <\/font><font size=\"3\">presentador de &#8220;Project Runway&#8221;<\/font><font size=\"3\"> se mantuvo comprometido con temas de opulencia y drama, presentando looks inspirados en mujeres elegantes del pasado, incluidas Audrey Hepburn, Marilyn Monroe, Katharine Hepburn, Bianca Jagger, Judy Garland, Ava Gardner y, por supuesto, Taylor.<\/font><\/p>\n<p align=\"justify\"><font size=\"3\">&#8220;Me encanta la idea de devolver la belleza a nuestras vidas con una colecci\u00f3n de trajes fuertemente dise\u00f1ados, elementos de alta costura y vestidos de noche femeninos en formas y siluetas interesantes&#8221;, dijo Siriano en un comunicado oficial.<\/font><\/p>\n<p align=\"justify\">ngg_shortcode_0_placeholder<\/p>\n","protected":false},"excerpt":{"rendered":"<p>Rompiendo con el calendario tradicional de la Semana de la Moda, Christian Siriano organiz\u00f3 su desfile de primavera de 2023 en la antigua casa de Elizabeth Taylor en la ciudad de Nueva York el mi\u00e9rcoles 7 de septiembre. Con una&hellip;<\/p>\n<p class=\"more-link-p\"><a class=\"more-link\" href=\"https:\/\/bobvarela.com\/?p=147807\">Read more &rarr;<\/a><\/p>\n","protected":false},"author":1,"featured_media":0,"comment_status":"open","ping_status":"open","sticky":false,"template":"","format":"standard","meta":{"ngg_post_thumbnail":0,"footnotes":""},"categories":[4],"tags":[],"class_list":["post-147807","post","type-post","status-publish","format-standard","hentry","category-moda"],"_links":{"self":[{"href":"https:\/\/bobvarela.com\/index.php?rest_route=\/wp\/v2\/posts\/147807","targetHints":{"allow":["GET"]}}],"collection":[{"href":"https:\/\/bobvarela.com\/index.php?rest_route=\/wp\/v2\/posts"}],"about":[{"href":"https:\/\/bobvarela.com\/index.php?rest_route=\/wp\/v2\/types\/post"}],"author":[{"embeddable":true,"href":"https:\/\/bobvarela.com\/index.php?rest_route=\/wp\/v2\/users\/1"}],"replies":[{"embeddable":true,"href":"https:\/\/bobvarela.com\/index.php?rest_route=%2Fwp%2Fv2%2Fcomments&post=147807"}],"version-history":[{"count":2,"href":"https:\/\/bobvarela.com\/index.php?rest_route=\/wp\/v2\/posts\/147807\/revisions"}],"predecessor-version":[{"id":147809,"href":"https:\/\/bobvarela.com\/index.php?rest_route=\/wp\/v2\/posts\/147807\/revisions\/147809"}],"wp:attachment":[{"href":"https:\/\/bobvarela.com\/index.php?rest_route=%2Fwp%2Fv2%2Fmedia&parent=147807"}],"wp:term":[{"taxonomy":"category","embeddable":true,"href":"https:\/\/bobvarela.com\/index.php?rest_route=%2Fwp%2Fv2%2Fcategories&post=147807"},{"taxonomy":"post_tag","embeddable":true,"href":"https:\/\/bobvarela.com\/index.php?rest_route=%2Fwp%2Fv2%2Ftags&post=147807"}],"curies":[{"name":"wp","href":"https:\/\/api.w.org\/{rel}","templated":true}]}}