{"id":148098,"date":"2022-09-12T18:22:45","date_gmt":"2022-09-12T22:22:45","guid":{"rendered":"https:\/\/bobvarela.com\/?p=148098"},"modified":"2022-09-12T18:22:45","modified_gmt":"2022-09-12T22:22:45","slug":"marni-primavera-verano-2023","status":"publish","type":"post","link":"https:\/\/bobvarela.com\/?p=148098","title":{"rendered":"Marni Primavera Verano 2023"},"content":{"rendered":"<p align=\"justify\"><font size=\"3\">La marca italiana <\/font><font size=\"3\">Marni<\/font><font size=\"3\"> acaba de revelar su colecci\u00f3n <\/font><font size=\"3\">Primavera\/Verano 2023<\/font><font size=\"3\"> para <\/font><font size=\"3\">la Semana de la Moda de Nueva York.<\/font><font size=\"3\"> Con una exhibici\u00f3n inimitable de prendas de tonos ardientes, la \u00faltima mezcla de prendas est\u00e1 inspirada en el flujo y reflujo continuo del sol.<\/font><\/p>\n<p align=\"justify\"><font size=\"3\">Los naranjas, amarillos y rojos s\u00faper saturados llegan en forma de elegantes gabardinas, chaquetas de esmoquin <\/font><font size=\"3\">lustrosas y vestidos<\/font><font size=\"3\"> de vinilo ajustados a la forma. La <\/font><font size=\"3\">tendencia del aura<\/font><font size=\"3\"> viral prevalece cuando las manchas brillantes adornan un maxi <\/font><font size=\"3\">vestido<\/font><font size=\"3\"> de color bloqueado, asintiendo con la cabeza a la bola de luz y aprovechando el expresionismo abstracto. En otros lugares, un vestido impreso abstracto hasta el suelo con mangas fluidas se roba el espect\u00e1culo, imitando la impresionante gloria de la puesta de sol.<\/font><\/p>\n<p align=\"justify\"><font size=\"3\">Si bien la colecci\u00f3n se presta a ser melanc\u00f3lica, ofrece atractivo sexual y sofisticaci\u00f3n en abundancia. Los sensuales vestidos de cuero con hendiduras hasta el muslo nos recuerdan el calor que todo lo abarca del sol. El midriff de punto de color sherbet de dos piezas mantiene vivos nuestros sue\u00f1os de verano, mientras que las calcoman\u00edas brillantes adornan una versi\u00f3n con borlas.<\/font><\/p>\n<p align=\"justify\"><font size=\"3\">&#8220;Si est\u00e1s en el lugar correcto en el momento adecuado, t\u00fa tambi\u00e9n puedes hacer una puesta de sol. Pero si quieres estar en el lugar correcto, en el momento adecuado, todo el tiempo; hay que seguir movi\u00e9ndose&#8221;, se lee en un comunicado de prensa exclusivo. Echa un vistazo a la brillante colecci\u00f3n SS23 de Marni en la galer\u00eda de arriba.<\/font><\/p>\n<p align=\"justify\">ngg_shortcode_0_placeholder<\/p>\n","protected":false},"excerpt":{"rendered":"<p>La marca italiana Marni acaba de revelar su colecci\u00f3n Primavera\/Verano 2023 para la Semana de la Moda de Nueva York. Con una exhibici\u00f3n inimitable de prendas de tonos ardientes, la \u00faltima mezcla de prendas est\u00e1 inspirada en el flujo y&hellip;<\/p>\n<p class=\"more-link-p\"><a class=\"more-link\" href=\"https:\/\/bobvarela.com\/?p=148098\">Read more &rarr;<\/a><\/p>\n","protected":false},"author":1,"featured_media":0,"comment_status":"open","ping_status":"open","sticky":false,"template":"","format":"standard","meta":{"ngg_post_thumbnail":0,"footnotes":""},"categories":[4],"tags":[],"class_list":["post-148098","post","type-post","status-publish","format-standard","hentry","category-moda"],"_links":{"self":[{"href":"https:\/\/bobvarela.com\/index.php?rest_route=\/wp\/v2\/posts\/148098","targetHints":{"allow":["GET"]}}],"collection":[{"href":"https:\/\/bobvarela.com\/index.php?rest_route=\/wp\/v2\/posts"}],"about":[{"href":"https:\/\/bobvarela.com\/index.php?rest_route=\/wp\/v2\/types\/post"}],"author":[{"embeddable":true,"href":"https:\/\/bobvarela.com\/index.php?rest_route=\/wp\/v2\/users\/1"}],"replies":[{"embeddable":true,"href":"https:\/\/bobvarela.com\/index.php?rest_route=%2Fwp%2Fv2%2Fcomments&post=148098"}],"version-history":[{"count":1,"href":"https:\/\/bobvarela.com\/index.php?rest_route=\/wp\/v2\/posts\/148098\/revisions"}],"predecessor-version":[{"id":148099,"href":"https:\/\/bobvarela.com\/index.php?rest_route=\/wp\/v2\/posts\/148098\/revisions\/148099"}],"wp:attachment":[{"href":"https:\/\/bobvarela.com\/index.php?rest_route=%2Fwp%2Fv2%2Fmedia&parent=148098"}],"wp:term":[{"taxonomy":"category","embeddable":true,"href":"https:\/\/bobvarela.com\/index.php?rest_route=%2Fwp%2Fv2%2Fcategories&post=148098"},{"taxonomy":"post_tag","embeddable":true,"href":"https:\/\/bobvarela.com\/index.php?rest_route=%2Fwp%2Fv2%2Ftags&post=148098"}],"curies":[{"name":"wp","href":"https:\/\/api.w.org\/{rel}","templated":true}]}}