{"id":148395,"date":"2022-10-11T06:12:44","date_gmt":"2022-10-11T10:12:44","guid":{"rendered":"https:\/\/bobvarela.com\/?p=148395"},"modified":"2022-10-11T06:12:44","modified_gmt":"2022-10-11T10:12:44","slug":"edp-showcase-en-el-west-fashion-week-2022","status":"publish","type":"post","link":"https:\/\/bobvarela.com\/?p=148395","title":{"rendered":"EDP Showcase en el West Fashion Week 2022"},"content":{"rendered":"<p align=\"justify\"><a href=\"https:\/\/bobvarela.com\/wp-content\/uploads\/2022\/10\/IMG_4533-2.jpg\"><font size=\"3\"><img loading=\"lazy\" decoding=\"async\" width=\"379\" height=\"256\" title=\"IMG_4533-2\" style=\"margin-right: auto; margin-left: auto; float: none; display: block; background-image: none;\" alt=\"IMG_4533-2\" src=\"https:\/\/bobvarela.com\/wp-content\/uploads\/2022\/10\/IMG_4533-2_thumb.jpg\" border=\"0\"\/><\/font><\/a><\/p>\n<p align=\"justify\"><font size=\"3\">Como parte de las actividades de West Fashion Week se&nbsp; presento el EDP Showcase con las siguientes dise\u00f1adores:Wandeliz Yace , Charliz Echevarr\u00eda, Kimberly Flores, Isis Rivera, Zenymar Mercado, Nahomy Diaz, y Kaylonie Pe\u00f1a.<\/font><\/p>\n<p align=\"center\"><a href=\"https:\/\/bobvarela.com\/wp-content\/uploads\/2022\/10\/IMG_2863-2.jpg\"><img loading=\"lazy\" decoding=\"async\" width=\"231\" height=\"157\" title=\"IMG_2863-2\" style=\"display: inline; background-image: none;\" alt=\"IMG_2863-2\" src=\"https:\/\/bobvarela.com\/wp-content\/uploads\/2022\/10\/IMG_2863-2_thumb.jpg\" border=\"0\"\/><\/a><a href=\"https:\/\/bobvarela.com\/wp-content\/uploads\/2022\/10\/IMG_3112-2.jpg\"><img loading=\"lazy\" decoding=\"async\" width=\"230\" height=\"156\" title=\"IMG_3112-2\" style=\"display: inline; background-image: none;\" alt=\"IMG_3112-2\" src=\"https:\/\/bobvarela.com\/wp-content\/uploads\/2022\/10\/IMG_3112-2_thumb.jpg\" border=\"0\"\/><\/a><a href=\"https:\/\/bobvarela.com\/wp-content\/uploads\/2022\/10\/IMG_3244-2.jpg\"><img loading=\"lazy\" decoding=\"async\" width=\"224\" height=\"152\" title=\"IMG_3244-2\" style=\"display: inline; background-image: none;\" alt=\"IMG_3244-2\" src=\"https:\/\/bobvarela.com\/wp-content\/uploads\/2022\/10\/IMG_3244-2_thumb.jpg\" border=\"0\"\/><\/a><a href=\"https:\/\/bobvarela.com\/wp-content\/uploads\/2022\/10\/IMG_3609-2.jpg\"><img loading=\"lazy\" decoding=\"async\" width=\"257\" height=\"174\" title=\"IMG_3609-2\" style=\"display: inline; background-image: none;\" alt=\"IMG_3609-2\" src=\"https:\/\/bobvarela.com\/wp-content\/uploads\/2022\/10\/IMG_3609-2_thumb.jpg\" border=\"0\"\/><\/a><a href=\"https:\/\/bobvarela.com\/wp-content\/uploads\/2022\/10\/IMG_3917-2.jpg\"><img loading=\"lazy\" decoding=\"async\" width=\"242\" height=\"164\" title=\"IMG_3917-2\" style=\"display: inline; background-image: none;\" alt=\"IMG_3917-2\" src=\"https:\/\/bobvarela.com\/wp-content\/uploads\/2022\/10\/IMG_3917-2_thumb.jpg\" border=\"0\"\/><\/a><a href=\"https:\/\/bobvarela.com\/wp-content\/uploads\/2022\/10\/IMG_4095-2.jpg\"><img loading=\"lazy\" decoding=\"async\" width=\"228\" height=\"154\" title=\"IMG_4095-2\" style=\"display: inline; background-image: none;\" alt=\"IMG_4095-2\" src=\"https:\/\/bobvarela.com\/wp-content\/uploads\/2022\/10\/IMG_4095-2_thumb.jpg\" border=\"0\"\/><\/a><a href=\"https:\/\/bobvarela.com\/wp-content\/uploads\/2022\/10\/IMG_4279-2.jpg\"><img loading=\"lazy\" decoding=\"async\" width=\"261\" height=\"177\" title=\"IMG_4279-2\" style=\"display: inline; background-image: none;\" alt=\"IMG_4279-2\" src=\"https:\/\/bobvarela.com\/wp-content\/uploads\/2022\/10\/IMG_4279-2_thumb.jpg\" border=\"0\"\/><\/a><\/p>\n<p align=\"left\">ngg_shortcode_0_placeholder<\/p>\n","protected":false},"excerpt":{"rendered":"<p>Como parte de las actividades de West Fashion Week se&nbsp; presento el EDP Showcase con las siguientes dise\u00f1adores:Wandeliz Yace , Charliz Echevarr\u00eda, Kimberly Flores, Isis Rivera, Zenymar Mercado, Nahomy Diaz, y Kaylonie Pe\u00f1a.<\/p>\n<p class=\"more-link-p\"><a class=\"more-link\" href=\"https:\/\/bobvarela.com\/?p=148395\">Read more &rarr;<\/a><\/p>\n","protected":false},"author":1,"featured_media":0,"comment_status":"open","ping_status":"open","sticky":false,"template":"","format":"standard","meta":{"ngg_post_thumbnail":0,"footnotes":""},"categories":[4,295],"tags":[],"class_list":["post-148395","post","type-post","status-publish","format-standard","hentry","category-moda","category-puerto-rico"],"_links":{"self":[{"href":"https:\/\/bobvarela.com\/index.php?rest_route=\/wp\/v2\/posts\/148395","targetHints":{"allow":["GET"]}}],"collection":[{"href":"https:\/\/bobvarela.com\/index.php?rest_route=\/wp\/v2\/posts"}],"about":[{"href":"https:\/\/bobvarela.com\/index.php?rest_route=\/wp\/v2\/types\/post"}],"author":[{"embeddable":true,"href":"https:\/\/bobvarela.com\/index.php?rest_route=\/wp\/v2\/users\/1"}],"replies":[{"embeddable":true,"href":"https:\/\/bobvarela.com\/index.php?rest_route=%2Fwp%2Fv2%2Fcomments&post=148395"}],"version-history":[{"count":1,"href":"https:\/\/bobvarela.com\/index.php?rest_route=\/wp\/v2\/posts\/148395\/revisions"}],"predecessor-version":[{"id":148396,"href":"https:\/\/bobvarela.com\/index.php?rest_route=\/wp\/v2\/posts\/148395\/revisions\/148396"}],"wp:attachment":[{"href":"https:\/\/bobvarela.com\/index.php?rest_route=%2Fwp%2Fv2%2Fmedia&parent=148395"}],"wp:term":[{"taxonomy":"category","embeddable":true,"href":"https:\/\/bobvarela.com\/index.php?rest_route=%2Fwp%2Fv2%2Fcategories&post=148395"},{"taxonomy":"post_tag","embeddable":true,"href":"https:\/\/bobvarela.com\/index.php?rest_route=%2Fwp%2Fv2%2Ftags&post=148395"}],"curies":[{"name":"wp","href":"https:\/\/api.w.org\/{rel}","templated":true}]}}