{"id":148675,"date":"2022-10-21T05:42:47","date_gmt":"2022-10-21T09:42:47","guid":{"rendered":"https:\/\/bobvarela.com\/?p=148675"},"modified":"2022-10-21T05:44:26","modified_gmt":"2022-10-21T09:44:26","slug":"lemaris-lorenzo-presenta-en-el-west-fashion-week-2022-su-coleccin-titulado-le-retour","status":"publish","type":"post","link":"https:\/\/bobvarela.com\/?p=148675","title":{"rendered":"Lemaris Lorenzo presenta en el West Fashion Week 2022 su Colecci&oacute;n titulado &ldquo;LE RETOUR&rdquo;"},"content":{"rendered":"<p align=\"center\"><font size=\"3\"><a href=\"https:\/\/bobvarela.com\/wp-content\/uploads\/2022\/10\/IMG_2321-2.jpg\"><img loading=\"lazy\" decoding=\"async\" width=\"418\" height=\"282\" title=\"IMG_2321-2\" style=\"display: inline; background-image: none;\" alt=\"IMG_2321-2\" src=\"https:\/\/bobvarela.com\/wp-content\/uploads\/2022\/10\/IMG_2321-2_thumb.jpg\" border=\"0\"\/><\/a><\/font><\/p>\n<h4><\/h4>\n<p align=\"justify\"><font size=\"3\">Una colecci\u00f3n que trae la nostalgia parisina para enaltecer la figura femenina sin ataduras. Dado esto, la colecci\u00f3n es dise\u00f1ada, creada y confeccionada para la mujer empoderada que no teme a ser qui\u00e9n es. La colecci\u00f3n es rom\u00e1ntica, madura y atemporal que se logra utilizando una gama de colores monocrom\u00e1ticos, la confecci\u00f3n artesanal y el enfoque hacia el detalle. Por otra parte, la colecci\u00f3n trae una nueva forma de dise\u00f1ar unificando la sostenibilidad con la Alta Costura. Los retazos se convierten en parte esencial en LEMLOREN para crear nuevas piezas que buscan deconstruir lo tradicional a la hora de dise\u00f1ar y de esta manera continuar con nuestro compromiso de crear dise\u00f1os de alta calidad de manera sostenible.<\/font><\/p>\n<p align=\"justify\">ngg_shortcode_0_placeholder<\/p>\n","protected":false},"excerpt":{"rendered":"<p>Una colecci\u00f3n que trae la nostalgia parisina para enaltecer la figura femenina sin ataduras. Dado esto, la colecci\u00f3n es dise\u00f1ada, creada y confeccionada para la mujer empoderada que no teme a ser qui\u00e9n es. La colecci\u00f3n es rom\u00e1ntica, madura y&hellip;<\/p>\n<p class=\"more-link-p\"><a class=\"more-link\" href=\"https:\/\/bobvarela.com\/?p=148675\">Read more &rarr;<\/a><\/p>\n","protected":false},"author":1,"featured_media":0,"comment_status":"open","ping_status":"open","sticky":false,"template":"","format":"standard","meta":{"ngg_post_thumbnail":0,"footnotes":""},"categories":[4,295],"tags":[],"class_list":["post-148675","post","type-post","status-publish","format-standard","hentry","category-moda","category-puerto-rico"],"_links":{"self":[{"href":"https:\/\/bobvarela.com\/index.php?rest_route=\/wp\/v2\/posts\/148675","targetHints":{"allow":["GET"]}}],"collection":[{"href":"https:\/\/bobvarela.com\/index.php?rest_route=\/wp\/v2\/posts"}],"about":[{"href":"https:\/\/bobvarela.com\/index.php?rest_route=\/wp\/v2\/types\/post"}],"author":[{"embeddable":true,"href":"https:\/\/bobvarela.com\/index.php?rest_route=\/wp\/v2\/users\/1"}],"replies":[{"embeddable":true,"href":"https:\/\/bobvarela.com\/index.php?rest_route=%2Fwp%2Fv2%2Fcomments&post=148675"}],"version-history":[{"count":3,"href":"https:\/\/bobvarela.com\/index.php?rest_route=\/wp\/v2\/posts\/148675\/revisions"}],"predecessor-version":[{"id":148678,"href":"https:\/\/bobvarela.com\/index.php?rest_route=\/wp\/v2\/posts\/148675\/revisions\/148678"}],"wp:attachment":[{"href":"https:\/\/bobvarela.com\/index.php?rest_route=%2Fwp%2Fv2%2Fmedia&parent=148675"}],"wp:term":[{"taxonomy":"category","embeddable":true,"href":"https:\/\/bobvarela.com\/index.php?rest_route=%2Fwp%2Fv2%2Fcategories&post=148675"},{"taxonomy":"post_tag","embeddable":true,"href":"https:\/\/bobvarela.com\/index.php?rest_route=%2Fwp%2Fv2%2Ftags&post=148675"}],"curies":[{"name":"wp","href":"https:\/\/api.w.org\/{rel}","templated":true}]}}