{"id":148877,"date":"2022-11-09T06:04:26","date_gmt":"2022-11-09T10:04:26","guid":{"rendered":"https:\/\/bobvarela.com\/?p=148877"},"modified":"2022-11-09T06:04:26","modified_gmt":"2022-11-09T10:04:26","slug":"the-dark-tw-2022-by-juan-colon","status":"publish","type":"post","link":"https:\/\/bobvarela.com\/?p=148877","title":{"rendered":"THE DARK TW 2022- BY JUAN COLON"},"content":{"rendered":"<p align=\"justify\"><font size=\"3\">El Sheraton de Puerto Rico en San Juan, fue el escenario para la pasarela The Dark TW 22 en el evento San Juan Moda de Puerto Rico. El dise\u00f1ador Juan Colon expuso su propuesta de moda representando la variedad modelos en unidad. \u201cThe Dark es una colecci\u00f3n inspirada en los estados de \u00e1nimos y situaciones que pasamos los seres humanos donde vemos la vida en tonos de grises, oscuridad y la luz al final\u201d expreso Juan Colon. <\/font><\/p>\n<p align=\"justify\"><font size=\"3\">El desfile conto en la apertura de modelos en pasarela r\u00edtmica acompa\u00f1ados de la presentaci\u00f3n de Leslie Johanne en acrobacia de fuegos. El pase de modas se mantuvo en 3 colores en s\u00f3lido y mezclados, estos fueron: plateado, negro y dorado. Los modelos en pasarela fueron representativos de la sociedad real en diferentes size, alturas y g\u00e9neros, caracter\u00edstico del concepto Tiny World.<\/font><\/p>\n<p align=\"justify\"><font size=\"3\">La colecci\u00f3n de aproximadamente 60 modelos ten\u00eda como protagonista el brillo en accesorios, calzado y en todo tipo de materiales como: chiffones, encajes, spandex, bordados y algodones. Los looks de los modelos fueron complementados con carteras de las tiendas Novus y el arreglo de los modelos estuvo a cargo de Myrta V\u00e9lez MVO Pro Makeup team y cabello por NUC Bauty Salon de Escorial.<\/font><\/p>\n<p align=\"justify\">ngg_shortcode_0_placeholder<\/p>\n","protected":false},"excerpt":{"rendered":"<p>El Sheraton de Puerto Rico en San Juan, fue el escenario para la pasarela The Dark TW 22 en el evento San Juan Moda de Puerto Rico. El dise\u00f1ador Juan Colon expuso su propuesta de moda representando la variedad modelos&hellip;<\/p>\n<p class=\"more-link-p\"><a class=\"more-link\" href=\"https:\/\/bobvarela.com\/?p=148877\">Read more &rarr;<\/a><\/p>\n","protected":false},"author":1,"featured_media":0,"comment_status":"open","ping_status":"open","sticky":false,"template":"","format":"standard","meta":{"ngg_post_thumbnail":0,"footnotes":""},"categories":[4,295],"tags":[],"class_list":["post-148877","post","type-post","status-publish","format-standard","hentry","category-moda","category-puerto-rico"],"_links":{"self":[{"href":"https:\/\/bobvarela.com\/index.php?rest_route=\/wp\/v2\/posts\/148877","targetHints":{"allow":["GET"]}}],"collection":[{"href":"https:\/\/bobvarela.com\/index.php?rest_route=\/wp\/v2\/posts"}],"about":[{"href":"https:\/\/bobvarela.com\/index.php?rest_route=\/wp\/v2\/types\/post"}],"author":[{"embeddable":true,"href":"https:\/\/bobvarela.com\/index.php?rest_route=\/wp\/v2\/users\/1"}],"replies":[{"embeddable":true,"href":"https:\/\/bobvarela.com\/index.php?rest_route=%2Fwp%2Fv2%2Fcomments&post=148877"}],"version-history":[{"count":1,"href":"https:\/\/bobvarela.com\/index.php?rest_route=\/wp\/v2\/posts\/148877\/revisions"}],"predecessor-version":[{"id":148878,"href":"https:\/\/bobvarela.com\/index.php?rest_route=\/wp\/v2\/posts\/148877\/revisions\/148878"}],"wp:attachment":[{"href":"https:\/\/bobvarela.com\/index.php?rest_route=%2Fwp%2Fv2%2Fmedia&parent=148877"}],"wp:term":[{"taxonomy":"category","embeddable":true,"href":"https:\/\/bobvarela.com\/index.php?rest_route=%2Fwp%2Fv2%2Fcategories&post=148877"},{"taxonomy":"post_tag","embeddable":true,"href":"https:\/\/bobvarela.com\/index.php?rest_route=%2Fwp%2Fv2%2Ftags&post=148877"}],"curies":[{"name":"wp","href":"https:\/\/api.w.org\/{rel}","templated":true}]}}