{"id":149306,"date":"2022-12-28T04:13:16","date_gmt":"2022-12-28T08:13:16","guid":{"rendered":"https:\/\/bobvarela.com\/?p=149306"},"modified":"2022-12-28T04:13:16","modified_gmt":"2022-12-28T08:13:16","slug":"celebran-tradicin-navidea-con-fiesta-de-reyes-en-naranjito","status":"publish","type":"post","link":"https:\/\/bobvarela.com\/?p=149306","title":{"rendered":"Celebran tradici&oacute;n navide&ntilde;a con Fiesta de Reyes en Naranjito"},"content":{"rendered":"<p align=\"center\"><font size=\"3\"><a href=\"https:\/\/bobvarela.com\/wp-content\/uploads\/2022\/12\/flyer-promo-Fiesta-de-Reyes.jpg\"><img loading=\"lazy\" decoding=\"async\" width=\"370\" height=\"547\" title=\"flyer promo Fiesta de Reyes\" style=\"display: inline; background-image: none;\" alt=\"flyer promo Fiesta de Reyes\" src=\"https:\/\/bobvarela.com\/wp-content\/uploads\/2022\/12\/flyer-promo-Fiesta-de-Reyes_thumb.jpg\" border=\"0\"\/><\/a><\/font><\/p>\n<p align=\"justify\"><font size=\"3\">El pr\u00f3ximo mi\u00e9rcoles, 4 de enero de 2023, la plaza p\u00fablica del municipio de Naranjito se convertir\u00e1 en un espacio divertido y ameno para celebrar su Fiesta de Reyes con las familias naranjite\u00f1as y visitantes. La actividad se llevar\u00e1 a cabo entre 10:00 a.m. y 2:00 p.m. y contar\u00e1 con una entrega de regalos por los Tres Reyes Magos, Mini Circo, show con personajes de la pel\u00edcula Encanto y juegos interactivos para el deleite de los que asistan.<\/font><\/p>\n<p align=\"justify\"><font size=\"3\">\u201cDeseamos empezar el a\u00f1o 2023 con un ambiente familiar y de tradici\u00f3n navide\u00f1a en la Fiesta de Reyes junto a nuestro pueblo y resaltando la ni\u00f1ez naranjite\u00f1a\u201d, expres\u00f3 Orlando Ortiz Chevres, alcalde de Naranjito.<\/font><\/p>\n<p align=\"justify\"><font size=\"3\">Adem\u00e1s, como parte de los ofrecimientos de la Fiesta de Reyes, disfrutar\u00e1n de refrigerios, diferentes casas de brincos y muchas otras atracciones entretenidas.<\/font><\/p>\n<p align=\"justify\"><font size=\"3\">Adicional, el primer ejecutivo municipal, Orlando Ortiz Chevres, exhort\u00f3 a los participantes del evento a continuar con los protocolos para prevenir el COVID-19.<\/font><\/p>\n<p align=\"justify\"><font size=\"3\">Para mayor informaci\u00f3n, pueden entrar a @municipiodenaranjitopr en Facebook.<\/font><\/p>\n","protected":false},"excerpt":{"rendered":"<p>El pr\u00f3ximo mi\u00e9rcoles, 4 de enero de 2023, la plaza p\u00fablica del municipio de Naranjito se convertir\u00e1 en un espacio divertido y ameno para celebrar su Fiesta de Reyes con las familias naranjite\u00f1as y visitantes. La actividad se llevar\u00e1 a&hellip;<\/p>\n<p class=\"more-link-p\"><a class=\"more-link\" href=\"https:\/\/bobvarela.com\/?p=149306\">Read more &rarr;<\/a><\/p>\n","protected":false},"author":1,"featured_media":0,"comment_status":"open","ping_status":"open","sticky":false,"template":"","format":"standard","meta":{"ngg_post_thumbnail":0,"footnotes":""},"categories":[3],"tags":[],"class_list":["post-149306","post","type-post","status-publish","format-standard","hentry","category-actividades"],"_links":{"self":[{"href":"https:\/\/bobvarela.com\/index.php?rest_route=\/wp\/v2\/posts\/149306","targetHints":{"allow":["GET"]}}],"collection":[{"href":"https:\/\/bobvarela.com\/index.php?rest_route=\/wp\/v2\/posts"}],"about":[{"href":"https:\/\/bobvarela.com\/index.php?rest_route=\/wp\/v2\/types\/post"}],"author":[{"embeddable":true,"href":"https:\/\/bobvarela.com\/index.php?rest_route=\/wp\/v2\/users\/1"}],"replies":[{"embeddable":true,"href":"https:\/\/bobvarela.com\/index.php?rest_route=%2Fwp%2Fv2%2Fcomments&post=149306"}],"version-history":[{"count":1,"href":"https:\/\/bobvarela.com\/index.php?rest_route=\/wp\/v2\/posts\/149306\/revisions"}],"predecessor-version":[{"id":149307,"href":"https:\/\/bobvarela.com\/index.php?rest_route=\/wp\/v2\/posts\/149306\/revisions\/149307"}],"wp:attachment":[{"href":"https:\/\/bobvarela.com\/index.php?rest_route=%2Fwp%2Fv2%2Fmedia&parent=149306"}],"wp:term":[{"taxonomy":"category","embeddable":true,"href":"https:\/\/bobvarela.com\/index.php?rest_route=%2Fwp%2Fv2%2Fcategories&post=149306"},{"taxonomy":"post_tag","embeddable":true,"href":"https:\/\/bobvarela.com\/index.php?rest_route=%2Fwp%2Fv2%2Ftags&post=149306"}],"curies":[{"name":"wp","href":"https:\/\/api.w.org\/{rel}","templated":true}]}}