{"id":149619,"date":"2023-01-26T06:24:15","date_gmt":"2023-01-26T10:24:15","guid":{"rendered":"https:\/\/bobvarela.com\/?p=149619"},"modified":"2023-01-26T06:24:15","modified_gmt":"2023-01-26T10:24:15","slug":"jean-paul-gaultier-haute-couture-primavera-verano-2023","status":"publish","type":"post","link":"https:\/\/bobvarela.com\/?p=149619","title":{"rendered":"Jean Paul Gaultier HAUTE COUTURE Primavera Verano 2023"},"content":{"rendered":"<p align=\"justify\"><font size=\"3\">Con amigos cercanos como <\/font><font size=\"3\">Timoth\u00e9e Chalamet<\/font><font size=\"3\"> y <\/font><font size=\"3\">Tilda Swinton<\/font><font size=\"3\">, as\u00ed como celebridades como <\/font><font size=\"3\">Kylie Jenner<\/font><font size=\"3\"> presentes, la creativa francesa nacida en Colombia abri\u00f3 la tan esperada colecci\u00f3n con un look completamente negro con un abrigo de cola con pliegues y stilettos inspirados en el origami. El dise\u00f1ador, conocido por sus momentos en la alfombra roja con los dos actores de <em>French Dispatch<\/em>, continu\u00f3 presentando 35 looks meticulosamente creados como una celebraci\u00f3n de la carrera de Gaultier y su impacto eterno en el mundo de la moda. Detalles puntiagudos parecidos a plumas emerg\u00edan de camisas en capas con trajes ajustados, seguidos de formas puntiagudas en bustiers. El tema del origami sigui\u00f3 en un top azul Tiffany, mientras que se encontraron m\u00e1s pliegues en un n\u00famero beige acentuado con detalles de azul profundo.<\/font><\/p>\n<p align=\"justify\"><font size=\"3\">En otros lugares, Ackermann jug\u00f3 con las siluetas, aportando una forma redondeada a los hombros de un conjunto completamente negro, as\u00ed como un vestido p\u00farpura. Los colores vibrantes se asomaban a trav\u00e9s del forro de vestidos y abrigos, y las lentejuelas se apoderaron de piezas selectas para un efecto dram\u00e1tico. Lo m\u00e1s destacado del espect\u00e1culo fue, sin lugar a dudas, el ch\u00e1ndal y el abrigo que parec\u00edan tener accesorios de pluma en todas partes, que en realidad eran miles de alfileres rectos aplicados a las prendas para un efecto suave y difuso.<\/font><\/p>\n<p align=\"justify\">ngg_shortcode_0_placeholder<\/p>\n","protected":false},"excerpt":{"rendered":"<p>Con amigos cercanos como Timoth\u00e9e Chalamet y Tilda Swinton, as\u00ed como celebridades como Kylie Jenner presentes, la creativa francesa nacida en Colombia abri\u00f3 la tan esperada colecci\u00f3n con un look completamente negro con un abrigo de cola con pliegues y&hellip;<\/p>\n<p class=\"more-link-p\"><a class=\"more-link\" href=\"https:\/\/bobvarela.com\/?p=149619\">Read more &rarr;<\/a><\/p>\n","protected":false},"author":1,"featured_media":0,"comment_status":"open","ping_status":"open","sticky":false,"template":"","format":"standard","meta":{"ngg_post_thumbnail":0,"footnotes":""},"categories":[4,523],"tags":[],"class_list":["post-149619","post","type-post","status-publish","format-standard","hentry","category-moda","category-paris"],"_links":{"self":[{"href":"https:\/\/bobvarela.com\/index.php?rest_route=\/wp\/v2\/posts\/149619","targetHints":{"allow":["GET"]}}],"collection":[{"href":"https:\/\/bobvarela.com\/index.php?rest_route=\/wp\/v2\/posts"}],"about":[{"href":"https:\/\/bobvarela.com\/index.php?rest_route=\/wp\/v2\/types\/post"}],"author":[{"embeddable":true,"href":"https:\/\/bobvarela.com\/index.php?rest_route=\/wp\/v2\/users\/1"}],"replies":[{"embeddable":true,"href":"https:\/\/bobvarela.com\/index.php?rest_route=%2Fwp%2Fv2%2Fcomments&post=149619"}],"version-history":[{"count":1,"href":"https:\/\/bobvarela.com\/index.php?rest_route=\/wp\/v2\/posts\/149619\/revisions"}],"predecessor-version":[{"id":149620,"href":"https:\/\/bobvarela.com\/index.php?rest_route=\/wp\/v2\/posts\/149619\/revisions\/149620"}],"wp:attachment":[{"href":"https:\/\/bobvarela.com\/index.php?rest_route=%2Fwp%2Fv2%2Fmedia&parent=149619"}],"wp:term":[{"taxonomy":"category","embeddable":true,"href":"https:\/\/bobvarela.com\/index.php?rest_route=%2Fwp%2Fv2%2Fcategories&post=149619"},{"taxonomy":"post_tag","embeddable":true,"href":"https:\/\/bobvarela.com\/index.php?rest_route=%2Fwp%2Fv2%2Ftags&post=149619"}],"curies":[{"name":"wp","href":"https:\/\/api.w.org\/{rel}","templated":true}]}}