{"id":149696,"date":"2023-02-02T06:06:54","date_gmt":"2023-02-02T10:06:54","guid":{"rendered":"https:\/\/bobvarela.com\/?p=149696"},"modified":"2023-02-02T06:06:54","modified_gmt":"2023-02-02T10:06:54","slug":"zadig-voltaire-otoo-invierno-2023","status":"publish","type":"post","link":"https:\/\/bobvarela.com\/?p=149696","title":{"rendered":"Zadig &amp; Voltaire  Oto&ntilde;o  Invierno 2023"},"content":{"rendered":"<p align=\"justify\"><font size=\"3\">Zadig &amp; Voltaire ilumin\u00f3 Poush, un espacio de exposici\u00f3n de arte en los suburbios de Par\u00eds, para su \u00faltimo desfile.<\/font><\/p>\n<p align=\"justify\"><font size=\"3\">Los invitados hicieron la caminata a la galer\u00eda en las afueras, donde la marca contempor\u00e1nea erigi\u00f3 una fuente en el centro del escenario para un desfile de moda y una fiesta para mostrar su colecci\u00f3n de oto\u00f1o, bajo la direcci\u00f3n creativa de Cecilia B\u00f6nstr\u00f6m.<\/font><\/p>\n<p align=\"justify\"><font size=\"3\">Fue una pieza central que el invitado Ed Westwick llam\u00f3 &#8220;bastante espectacular&#8221; mientras se incendiaba.<\/font><\/p>\n<p align=\"justify\"><font size=\"3\">El tema era &#8220;libertad&#8221;, dijo B\u00f6nstr\u00f6m entre bastidores despu\u00e9s del espect\u00e1culo, pero tambi\u00e9n coincidi\u00f3 con el boho chic m\u00e1s suave de la temporada pasada con una colecci\u00f3n con infusi\u00f3n de motos.<\/font><\/p>\n<p align=\"justify\"><font size=\"3\">B\u00f6nstr\u00f6m siempre apunta a un toque de rock &#8216;n&#8217; roll, y esta temporada el dise\u00f1ador sueco se endureci\u00f3 con motivos de carreras. Se inspir\u00f3 en fotos de asientos de autos antiguos y trajes de carreras y trajo esas referencias con rojo cereza y mucho cuero. Ese brillante toque de color salpic\u00f3 una colecci\u00f3n en su mayor\u00eda monocrom\u00e1tica, con un vestido de cuello alto que abraza el cuerpo y un mini griego.<\/font><\/p>\n<p align=\"justify\"><font size=\"3\">La versi\u00f3n de B\u00f6nstr\u00f6m del traje moto se hizo con un toque m\u00e1s casual y femenino, lo que result\u00f3 en pantalones de cuero drapeado y chaquetas de cuero alocadas, ambas con dise\u00f1o de color bloqueado en azul petr\u00f3leo y en negro cl\u00e1sico. Algunos de los looks m\u00e1s duros se combinaron con sandalias abiertas, mientras que los vestidos delicados superaron las botas pisadoras como un estudio en contraste.<\/font><\/p>\n<p align=\"justify\"><font size=\"3\">B\u00f6nstr\u00f6m tambi\u00e9n revis\u00f3 la camiseta oversize boyfriend como un cambio de cuero, y en otros lugares experiment\u00f3 con textiles en cuero arrugado, cachemira reciclada en una camiseta de nido de abeja, otro gui\u00f1o a los asientos de cubo vintage, y us\u00f3 lana 100 por ciento merino en los tejidos.<\/font><\/p>\n<p align=\"justify\"><font size=\"3\">A lo largo del espect\u00e1culo, los modelos masculinos y femeninos lucieron los mismos looks en sucesi\u00f3n, enfatizando el enfoque de la marca hacia los conceptos b\u00e1sicos de g\u00e9nero fluido. La marca tambi\u00e9n debut\u00f3 con un nuevo bolso llamado &#8220;Moon Rock&#8221; en forma de media luna como un gui\u00f1o a una noche de fiesta.<\/font><\/p>\n<p align=\"justify\">ngg_shortcode_0_placeholder<\/p>\n","protected":false},"excerpt":{"rendered":"<p>Zadig &amp; Voltaire ilumin\u00f3 Poush, un espacio de exposici\u00f3n de arte en los suburbios de Par\u00eds, para su \u00faltimo desfile. Los invitados hicieron la caminata a la galer\u00eda en las afueras, donde la marca contempor\u00e1nea erigi\u00f3 una fuente en el&hellip;<\/p>\n<p class=\"more-link-p\"><a class=\"more-link\" href=\"https:\/\/bobvarela.com\/?p=149696\">Read more &rarr;<\/a><\/p>\n","protected":false},"author":1,"featured_media":0,"comment_status":"open","ping_status":"open","sticky":false,"template":"","format":"standard","meta":{"ngg_post_thumbnail":0,"footnotes":""},"categories":[4,523],"tags":[],"class_list":["post-149696","post","type-post","status-publish","format-standard","hentry","category-moda","category-paris"],"_links":{"self":[{"href":"https:\/\/bobvarela.com\/index.php?rest_route=\/wp\/v2\/posts\/149696","targetHints":{"allow":["GET"]}}],"collection":[{"href":"https:\/\/bobvarela.com\/index.php?rest_route=\/wp\/v2\/posts"}],"about":[{"href":"https:\/\/bobvarela.com\/index.php?rest_route=\/wp\/v2\/types\/post"}],"author":[{"embeddable":true,"href":"https:\/\/bobvarela.com\/index.php?rest_route=\/wp\/v2\/users\/1"}],"replies":[{"embeddable":true,"href":"https:\/\/bobvarela.com\/index.php?rest_route=%2Fwp%2Fv2%2Fcomments&post=149696"}],"version-history":[{"count":1,"href":"https:\/\/bobvarela.com\/index.php?rest_route=\/wp\/v2\/posts\/149696\/revisions"}],"predecessor-version":[{"id":149697,"href":"https:\/\/bobvarela.com\/index.php?rest_route=\/wp\/v2\/posts\/149696\/revisions\/149697"}],"wp:attachment":[{"href":"https:\/\/bobvarela.com\/index.php?rest_route=%2Fwp%2Fv2%2Fmedia&parent=149696"}],"wp:term":[{"taxonomy":"category","embeddable":true,"href":"https:\/\/bobvarela.com\/index.php?rest_route=%2Fwp%2Fv2%2Fcategories&post=149696"},{"taxonomy":"post_tag","embeddable":true,"href":"https:\/\/bobvarela.com\/index.php?rest_route=%2Fwp%2Fv2%2Ftags&post=149696"}],"curies":[{"name":"wp","href":"https:\/\/api.w.org\/{rel}","templated":true}]}}