{"id":149782,"date":"2023-02-09T05:53:15","date_gmt":"2023-02-09T09:53:15","guid":{"rendered":"https:\/\/bobvarela.com\/?p=149782"},"modified":"2023-02-09T05:53:15","modified_gmt":"2023-02-09T09:53:15","slug":"fw23-mariposas-de-ganni-la-coleccin-es-un-reflejo-del-pasado","status":"publish","type":"post","link":"https:\/\/bobvarela.com\/?p=149782","title":{"rendered":"FW23 &quot;&iexcl;MARIPOSAS!&quot; de GANNI. La colecci&oacute;n es un reflejo del pasado"},"content":{"rendered":"<p align=\"justify\"><font size=\"3\">Ditte Reffstrup<\/font><font size=\"3\"> record\u00f3 los \u00faltimos 13 a\u00f1os que ha estado en <\/font><font size=\"3\">GANNI<\/font><font size=\"3\"> para su \u00faltima colecci\u00f3n <\/font><font size=\"3\">Oto\u00f1o\/Invierno 2023<\/font><font size=\"3\"> en <\/font><font size=\"3\">la Semana de la Moda de Copenhague<\/font><font size=\"3\">. El director creativo invit\u00f3 a los invitados al Museo ARKEN de Arte Moderno, a 30 minutos al sur de la capital danesa, para mostrar el logotipo m\u00e1s nuevo de la marca internacionalmente amada.<\/font><\/p>\n<p align=\"justify\"><font size=\"3\">Titulado &#8220;\u00a1MARIPOSAS!&#8221;, el espect\u00e1culo se trataba de volver a visitar las ra\u00edces de la marca GANNI al tiempo que introduc\u00eda nuevos elementos a la etiqueta a medida que contin\u00faa creciendo a nivel mundial. &#8220;Por lo general, no paso mucho tiempo pensando en proyectos pasados. Estoy constantemente en lo siguiente. Pero \u00faltimamente, he estado reflexionando un poco sobre nuestro viaje GANNI. En los primeros a\u00f1os, tuvimos la suerte de tener un peque\u00f1o y dedicado grupo de chicas GANNI anim\u00e1ndonos. Eso significa el mundo para m\u00ed, y siempre lo har\u00e1&#8221;, explic\u00f3 Reffstrup. &#8220;Ten\u00edamos todas estas ideas sobre c\u00f3mo quer\u00edamos que fuera GANNI, pero no siempre ten\u00edamos la gente y la estructura para hacerlo realidad. Suena un poco clich\u00e9, pero ahora tengo ganas de pellizcarme, mirar alrededor de la oficina, a todas las personas incre\u00edbles de nuestro equipo. Estar cerca de ellos todos los d\u00edas me da mucha energ\u00eda. Es real&#8221;.<\/font><\/p>\n<p align=\"justify\"><font size=\"3\">La mariposa, a menudo asociada con palabras como transformaci\u00f3n y positividad, fue el s\u00edmbolo perfecto para usar en la colecci\u00f3n FW23 de Reffstrup. Los invitados entraron en un espacio con una escultura sentada en el centro, que conduce al espacio de exhibici\u00f3n iluminado con una pantalla LED, creada por el amigo y artista de Reffstrup, <\/font><font size=\"3\">Esben Weile Kj\u00e6r<\/font><font size=\"3\">, quien exhibir\u00e1 una exposici\u00f3n titulada <em>BUTTERFLY!<\/em> en el mismo museo. El insecto, lindo a primera vista pero tambi\u00e9n espeluznante con su gran sonrisa, apareci\u00f3 repetidamente en el tel\u00f3n de fondo mientras las modelos caminaban por la pasarela.<\/font><\/p>\n<p align=\"justify\"><font size=\"3\">Esta vez, la chica GANNI fue descrita como &#8220;adulta, m\u00e1s pulida, pero a\u00fan juguetona&#8221;, un estado de \u00e1nimo evidente en la presentaci\u00f3n que comenz\u00f3 con una serie de looks completamente negros. Los trajes a medida se combinaron con joyas creadas en colaboraci\u00f3n con <\/font><font size=\"3\">Veneda Carter<\/font><font size=\"3\">, mientras que la colecci\u00f3n continu\u00f3 con chaquetas de mezclilla lavadas y jeans. Las prendas se complementaron con el nuevo bolso Bou Bou, que est\u00e1 hecho de la alternativa de cuero de lujo Ohoskin y resaltado con el nuevo logotipo de GANNI.<\/font><\/p>\n<p align=\"justify\"><font size=\"3\">La colecci\u00f3n tambi\u00e9n es una celebraci\u00f3n de los a\u00f1os 90 y la era MTV cuando Reffstrup estaba obsesionado con el Brit-pop. &#8220;Cuando ten\u00eda 22 a\u00f1os me hice un tatuaje de una mariposa en la mu\u00f1eca con tinta blanca. Es s\u00faper hortera, pero todav\u00eda me encanta&#8221;, explica.<\/font><\/p>\n<p align=\"justify\"><font size=\"3\">Las modelos usaron las botas de la firma GANNI mientras introduc\u00edan algo de color en la pasarela, con vestidos rojos llamativos resaltados con adornos de encaje. Una cuarta asociaci\u00f3n con <\/font><font size=\"3\">66North<\/font><font size=\"3\"> agreg\u00f3 contraste con piezas verdes inspiradas en el rendimiento, como bombarderos y pantalones cargo.<\/font><\/p>\n<p align=\"justify\">ngg_shortcode_0_placeholder<\/p>\n","protected":false},"excerpt":{"rendered":"<p>Ditte Reffstrup record\u00f3 los \u00faltimos 13 a\u00f1os que ha estado en GANNI para su \u00faltima colecci\u00f3n Oto\u00f1o\/Invierno 2023 en la Semana de la Moda de Copenhague. El director creativo invit\u00f3 a los invitados al Museo ARKEN de Arte Moderno, a&hellip;<\/p>\n<p class=\"more-link-p\"><a class=\"more-link\" href=\"https:\/\/bobvarela.com\/?p=149782\">Read more &rarr;<\/a><\/p>\n","protected":false},"author":1,"featured_media":0,"comment_status":"open","ping_status":"open","sticky":false,"template":"","format":"standard","meta":{"ngg_post_thumbnail":0,"footnotes":""},"categories":[4],"tags":[],"class_list":["post-149782","post","type-post","status-publish","format-standard","hentry","category-moda"],"_links":{"self":[{"href":"https:\/\/bobvarela.com\/index.php?rest_route=\/wp\/v2\/posts\/149782","targetHints":{"allow":["GET"]}}],"collection":[{"href":"https:\/\/bobvarela.com\/index.php?rest_route=\/wp\/v2\/posts"}],"about":[{"href":"https:\/\/bobvarela.com\/index.php?rest_route=\/wp\/v2\/types\/post"}],"author":[{"embeddable":true,"href":"https:\/\/bobvarela.com\/index.php?rest_route=\/wp\/v2\/users\/1"}],"replies":[{"embeddable":true,"href":"https:\/\/bobvarela.com\/index.php?rest_route=%2Fwp%2Fv2%2Fcomments&post=149782"}],"version-history":[{"count":1,"href":"https:\/\/bobvarela.com\/index.php?rest_route=\/wp\/v2\/posts\/149782\/revisions"}],"predecessor-version":[{"id":149783,"href":"https:\/\/bobvarela.com\/index.php?rest_route=\/wp\/v2\/posts\/149782\/revisions\/149783"}],"wp:attachment":[{"href":"https:\/\/bobvarela.com\/index.php?rest_route=%2Fwp%2Fv2%2Fmedia&parent=149782"}],"wp:term":[{"taxonomy":"category","embeddable":true,"href":"https:\/\/bobvarela.com\/index.php?rest_route=%2Fwp%2Fv2%2Fcategories&post=149782"},{"taxonomy":"post_tag","embeddable":true,"href":"https:\/\/bobvarela.com\/index.php?rest_route=%2Fwp%2Fv2%2Ftags&post=149782"}],"curies":[{"name":"wp","href":"https:\/\/api.w.org\/{rel}","templated":true}]}}