{"id":149943,"date":"2023-02-11T12:36:52","date_gmt":"2023-02-11T16:36:52","guid":{"rendered":"https:\/\/bobvarela.com\/?p=149943"},"modified":"2023-02-11T12:36:52","modified_gmt":"2023-02-11T16:36:52","slug":"tw-fashion-runwayen-nueva-york-edicion-febrero-2023","status":"publish","type":"post","link":"https:\/\/bobvarela.com\/?p=149943","title":{"rendered":"TW Fashion Runwayen Nueva York Edicion Febrero 2023"},"content":{"rendered":"<p align=\"justify\"><font size=\"3\">La tercera producci\u00f3n de modas bajo el titulo TW Fashion Runway regreso New York durante la semana de la moda, mostrando variedad de estilos en dise\u00f1adores y modelos reunidos en una sola pasarela, fiel a los conceptos Tiny World, donde los modelos destacan por ser inclusivos y variados: modelos desde 5 pies de estatura, ni\u00f1as, teens, curvy, plus, caballeros y miembros de la comunidad LGBTQI plus. <\/font><\/p>\n<p align=\"justify\"><font size=\"3\">Un total de 5 pasarelas fueron presentadas en el Caelum Gallery, donde se unieron los talentos de: Xyncronized42 quien tuvo a cargo la apertura del evento con su estilo art\u00edstico y creativo, Lourdes Arroyo con su propuesta juvenil en tonos plateados y azules, la dise\u00f1adora Mendoza De Aponte con su colecci\u00f3n RED GOLD con modelos teens y preteens. Repitiendo en esta edici\u00f3n Natura Umbra by Gabriel Ala mostro modas para todo tipo de Genero mientras Janco by Juan Colon presento The Dark en tonos negros , dorados y plateados.<\/font><\/p>\n<p align=\"justify\"><font size=\"3\">Fotos por Weston Mosburg<\/font><\/p>\n<p align=\"justify\"><font size=\"3\">Desfile Juan Colon<\/font><\/p>\n<p align=\"justify\">ngg_shortcode_0_placeholder<\/p>\n<p align=\"justify\"><font size=\"3\">Desfile Loudres Arroyo<\/font><\/p>\n<p align=\"justify\">ngg_shortcode_1_placeholder<\/p>\n<p align=\"justify\"><font size=\"3\">Desfile Mendoza De Aponte <\/font><\/p>\n<p align=\"justify\">ngg_shortcode_2_placeholder<\/p>\n<p align=\"justify\"><font size=\"3\">Desfile Natura Umbra<\/font><\/p>\n<p align=\"justify\">ngg_shortcode_3_placeholder<\/p>\n<p align=\"justify\"><font size=\"3\">Desfile Xyncronized42<\/font><\/p>\n<p align=\"justify\">ngg_shortcode_4_placeholder<\/p>\n<p align=\"justify\"><font size=\"3\"><br \/><\/font><\/p>\n<p align=\"justify\"><font size=\"3\"><br \/><\/font><\/p>\n","protected":false},"excerpt":{"rendered":"<p>La tercera producci\u00f3n de modas bajo el titulo TW Fashion Runway regreso New York durante la semana de la moda, mostrando variedad de estilos en dise\u00f1adores y modelos reunidos en una sola pasarela, fiel a los conceptos Tiny World, donde&hellip;<\/p>\n<p class=\"more-link-p\"><a class=\"more-link\" href=\"https:\/\/bobvarela.com\/?p=149943\">Read more &rarr;<\/a><\/p>\n","protected":false},"author":1,"featured_media":0,"comment_status":"open","ping_status":"open","sticky":false,"template":"","format":"standard","meta":{"ngg_post_thumbnail":0,"footnotes":""},"categories":[4,422,295],"tags":[],"class_list":["post-149943","post","type-post","status-publish","format-standard","hentry","category-moda","category-new-york","category-puerto-rico"],"_links":{"self":[{"href":"https:\/\/bobvarela.com\/index.php?rest_route=\/wp\/v2\/posts\/149943","targetHints":{"allow":["GET"]}}],"collection":[{"href":"https:\/\/bobvarela.com\/index.php?rest_route=\/wp\/v2\/posts"}],"about":[{"href":"https:\/\/bobvarela.com\/index.php?rest_route=\/wp\/v2\/types\/post"}],"author":[{"embeddable":true,"href":"https:\/\/bobvarela.com\/index.php?rest_route=\/wp\/v2\/users\/1"}],"replies":[{"embeddable":true,"href":"https:\/\/bobvarela.com\/index.php?rest_route=%2Fwp%2Fv2%2Fcomments&post=149943"}],"version-history":[{"count":1,"href":"https:\/\/bobvarela.com\/index.php?rest_route=\/wp\/v2\/posts\/149943\/revisions"}],"predecessor-version":[{"id":149944,"href":"https:\/\/bobvarela.com\/index.php?rest_route=\/wp\/v2\/posts\/149943\/revisions\/149944"}],"wp:attachment":[{"href":"https:\/\/bobvarela.com\/index.php?rest_route=%2Fwp%2Fv2%2Fmedia&parent=149943"}],"wp:term":[{"taxonomy":"category","embeddable":true,"href":"https:\/\/bobvarela.com\/index.php?rest_route=%2Fwp%2Fv2%2Fcategories&post=149943"},{"taxonomy":"post_tag","embeddable":true,"href":"https:\/\/bobvarela.com\/index.php?rest_route=%2Fwp%2Fv2%2Ftags&post=149943"}],"curies":[{"name":"wp","href":"https:\/\/api.w.org\/{rel}","templated":true}]}}