{"id":150267,"date":"2023-02-20T07:15:19","date_gmt":"2023-02-20T11:15:19","guid":{"rendered":"https:\/\/bobvarela.com\/?p=150267"},"modified":"2023-02-20T07:15:19","modified_gmt":"2023-02-20T11:15:19","slug":"laquan-smith-otoo-invierno-2023","status":"publish","type":"post","link":"https:\/\/bobvarela.com\/?p=150267","title":{"rendered":"LaQuan Smith Oto&ntilde;o Invierno 2023"},"content":{"rendered":"<p align=\"justify\"><font size=\"3\">El dise\u00f1ador LaQuan Smith se hizo cargo de uno de los lugares m\u00e1s famosos de Nueva York para su desfile de la Semana de la Moda el lunes, presentando su colecci\u00f3n de oto\u00f1o 2023 en el Rainbow Room.<\/font><\/p>\n<p align=\"justify\"><font size=\"3\">Smith convirti\u00f3 el glamoroso espacio en el piso 65 de 30 Rockefeller Plaza en una pasarela con una primera fila repleta de estrellas famosas que inclu\u00eda al m\u00fasico Lil Nas X.<\/font><\/p>\n<p align=\"justify\"><font size=\"3\">&#8220;Esto sol\u00eda ser donde la alta sociedad ven\u00eda a bailar, se pon\u00eda glamurosa y beb\u00eda champ\u00e1n&#8221;, dijo Smith. &#8220;Ese es literalmente el estilo de vida de las mujeres que visto&#8221;.<\/font><\/p>\n<p><font size=\"3\">Las modelos llevaban vestidos y pantalones cortados en la parte delantera o lateral, monos a rayas y tops cortos con faldas largas y ajustadas.<\/font><\/p>\n<p align=\"justify\"><font size=\"3\">Las chaquetas se usaban con faldas l\u00e1piz, mientras que los vestidos de noche brillaban o ten\u00edan grandes hendiduras.<\/font><\/p>\n<p align=\"justify\"><font size=\"3\">La paleta de colores cambiantes se rompi\u00f3 con tonos berenjena, oliva y marfil.<\/font><\/p>\n<p align=\"justify\"><font size=\"3\">&#8220;Esta colecci\u00f3n de esta temporada fue realmente rica en textura cuando se trataba de fabricaciones&#8221;, dijo Smith.<\/font><\/p>\n<p align=\"justify\"><font size=\"3\">&#8220;Trabaj\u00e9 con muchas lanas hervidas italianas y rasos de doble cara. Muchos de ellos gamuzas estiradas, mucho cuero&#8221;.<\/font><\/p>\n<p align=\"justify\">ngg_shortcode_0_placeholder<\/p>\n","protected":false},"excerpt":{"rendered":"<p>El dise\u00f1ador LaQuan Smith se hizo cargo de uno de los lugares m\u00e1s famosos de Nueva York para su desfile de la Semana de la Moda el lunes, presentando su colecci\u00f3n de oto\u00f1o 2023 en el Rainbow Room. Smith convirti\u00f3&hellip;<\/p>\n<p class=\"more-link-p\"><a class=\"more-link\" href=\"https:\/\/bobvarela.com\/?p=150267\">Read more &rarr;<\/a><\/p>\n","protected":false},"author":1,"featured_media":0,"comment_status":"open","ping_status":"open","sticky":false,"template":"","format":"standard","meta":{"ngg_post_thumbnail":0,"footnotes":""},"categories":[4,422],"tags":[],"class_list":["post-150267","post","type-post","status-publish","format-standard","hentry","category-moda","category-new-york"],"_links":{"self":[{"href":"https:\/\/bobvarela.com\/index.php?rest_route=\/wp\/v2\/posts\/150267","targetHints":{"allow":["GET"]}}],"collection":[{"href":"https:\/\/bobvarela.com\/index.php?rest_route=\/wp\/v2\/posts"}],"about":[{"href":"https:\/\/bobvarela.com\/index.php?rest_route=\/wp\/v2\/types\/post"}],"author":[{"embeddable":true,"href":"https:\/\/bobvarela.com\/index.php?rest_route=\/wp\/v2\/users\/1"}],"replies":[{"embeddable":true,"href":"https:\/\/bobvarela.com\/index.php?rest_route=%2Fwp%2Fv2%2Fcomments&post=150267"}],"version-history":[{"count":1,"href":"https:\/\/bobvarela.com\/index.php?rest_route=\/wp\/v2\/posts\/150267\/revisions"}],"predecessor-version":[{"id":150268,"href":"https:\/\/bobvarela.com\/index.php?rest_route=\/wp\/v2\/posts\/150267\/revisions\/150268"}],"wp:attachment":[{"href":"https:\/\/bobvarela.com\/index.php?rest_route=%2Fwp%2Fv2%2Fmedia&parent=150267"}],"wp:term":[{"taxonomy":"category","embeddable":true,"href":"https:\/\/bobvarela.com\/index.php?rest_route=%2Fwp%2Fv2%2Fcategories&post=150267"},{"taxonomy":"post_tag","embeddable":true,"href":"https:\/\/bobvarela.com\/index.php?rest_route=%2Fwp%2Fv2%2Ftags&post=150267"}],"curies":[{"name":"wp","href":"https:\/\/api.w.org\/{rel}","templated":true}]}}