{"id":150477,"date":"2023-03-01T05:48:37","date_gmt":"2023-03-01T09:48:37","guid":{"rendered":"https:\/\/bobvarela.com\/?p=150477"},"modified":"2023-03-01T05:48:37","modified_gmt":"2023-03-01T09:48:37","slug":"jorge-vzquez-otoo-invierno-2023","status":"publish","type":"post","link":"https:\/\/bobvarela.com\/?p=150477","title":{"rendered":"Jorge V&aacute;zquez Oto&ntilde;o Invierno 2023"},"content":{"rendered":"<p align=\"justify\"><strong><font size=\"3\">Inspiraci\u00f3n<\/font><\/strong><\/p>\n<p align=\"justify\"><font size=\"3\">El dise\u00f1ador gallego revive las noches de El Palais Zahia en la Ciudad Roja, el palacio fue sin duda el lugar de las fiestas m\u00e1s decadentes, extravagantes y cool de la \u00e9poca. Jorge V\u00e1zquez reinterpreta prendas saharianas, apuesta por abrigos caft\u00e1n con plumas de colores y estampados de piel de leopardo e inunda con el color de la arena marroqu\u00ed y de las especias las piezas m\u00e1s urbanas.<\/font><\/p>\n<p align=\"justify\"><font size=\"3\">La Condesa Boul de Breteuil, quien pose\u00eda una de las mansiones con mayor historia de la ciudad: la Villa Taylor, inspira los looks m\u00e1s sofisticados y elegantes para las noches del Marrakech de Jorge V\u00e1zquez.<\/font><\/p>\n<p align=\"justify\"><strong><font size=\"3\">L\u00edneas, color y tejidos<\/font><\/strong><\/p>\n<p align=\"justify\"><font size=\"3\">El esplendor de la Medina de Marrakech, sus bugambillas y jazmines marcan la paleta de colores terrosos y arenosos mezclados con tonos \u00e1cidos; naranjas, limas, fucsias\u2026 con los que V\u00e1zquez dibuja sus propuestas para el oto\u00f1o-invierno 23\/24 y las confecciona con ricos tejidos y bordados ornamentales de una belleza sublime como si levantara las paredes de un palacio \u00e1rabe.<\/font><\/p>\n<p align=\"justify\"><font size=\"3\">Tejidos muy fluidos representados a trav\u00e9s de la muselina, la crepe de chine y twill muy ligero en contraposici\u00f3n con gruesos pa\u00f1os de abrigo, guipur o lentejuelas para las piezas m\u00e1s estructuradas. V\u00e1zquez apuesta por estampados con forma de mosaicos, adornos como los \u201czouacs&#8221; propios de la madera tallada, los vol\u00famenes de los \u201cgebs\u201d que produce el yeso tallado\u2026 y todo salpicado de hipnotizantes formas geom\u00e9tricas y \u00e9tnicas propias de la cultura isl\u00e1mica.<\/font><\/p>\n<p align=\"justify\">ngg_shortcode_0_placeholder<\/p>\n","protected":false},"excerpt":{"rendered":"<p>Inspiraci\u00f3n El dise\u00f1ador gallego revive las noches de El Palais Zahia en la Ciudad Roja, el palacio fue sin duda el lugar de las fiestas m\u00e1s decadentes, extravagantes y cool de la \u00e9poca. Jorge V\u00e1zquez reinterpreta prendas saharianas, apuesta por&hellip;<\/p>\n<p class=\"more-link-p\"><a class=\"more-link\" href=\"https:\/\/bobvarela.com\/?p=150477\">Read more &rarr;<\/a><\/p>\n","protected":false},"author":1,"featured_media":0,"comment_status":"open","ping_status":"open","sticky":false,"template":"","format":"standard","meta":{"ngg_post_thumbnail":0,"footnotes":""},"categories":[521,4],"tags":[],"class_list":["post-150477","post","type-post","status-publish","format-standard","hentry","category-madrid","category-moda"],"_links":{"self":[{"href":"https:\/\/bobvarela.com\/index.php?rest_route=\/wp\/v2\/posts\/150477","targetHints":{"allow":["GET"]}}],"collection":[{"href":"https:\/\/bobvarela.com\/index.php?rest_route=\/wp\/v2\/posts"}],"about":[{"href":"https:\/\/bobvarela.com\/index.php?rest_route=\/wp\/v2\/types\/post"}],"author":[{"embeddable":true,"href":"https:\/\/bobvarela.com\/index.php?rest_route=\/wp\/v2\/users\/1"}],"replies":[{"embeddable":true,"href":"https:\/\/bobvarela.com\/index.php?rest_route=%2Fwp%2Fv2%2Fcomments&post=150477"}],"version-history":[{"count":1,"href":"https:\/\/bobvarela.com\/index.php?rest_route=\/wp\/v2\/posts\/150477\/revisions"}],"predecessor-version":[{"id":150478,"href":"https:\/\/bobvarela.com\/index.php?rest_route=\/wp\/v2\/posts\/150477\/revisions\/150478"}],"wp:attachment":[{"href":"https:\/\/bobvarela.com\/index.php?rest_route=%2Fwp%2Fv2%2Fmedia&parent=150477"}],"wp:term":[{"taxonomy":"category","embeddable":true,"href":"https:\/\/bobvarela.com\/index.php?rest_route=%2Fwp%2Fv2%2Fcategories&post=150477"},{"taxonomy":"post_tag","embeddable":true,"href":"https:\/\/bobvarela.com\/index.php?rest_route=%2Fwp%2Fv2%2Ftags&post=150477"}],"curies":[{"name":"wp","href":"https:\/\/api.w.org\/{rel}","templated":true}]}}