{"id":150702,"date":"2023-03-07T06:35:26","date_gmt":"2023-03-07T10:35:26","guid":{"rendered":"https:\/\/bobvarela.com\/?p=150702"},"modified":"2023-03-07T06:35:26","modified_gmt":"2023-03-07T10:35:26","slug":"coleccin-nehera-otoo-invierno-2023","status":"publish","type":"post","link":"https:\/\/bobvarela.com\/?p=150702","title":{"rendered":"Colecci&oacute;n NEHERA Oto&ntilde;o Invierno 2023"},"content":{"rendered":"<p align=\"justify\"><font size=\"3\">La casa de moda <em><strong>NEHERA<\/strong><\/em> present\u00f3 la colecci\u00f3n Oto\u00f1o Invierno 2023.24, con una presentaci\u00f3n celebrada el 1 de marzo, durante la <\/font><font size=\"3\">Semana de la Moda de Par\u00eds<\/font><font size=\"3\">. Esta temporada, Nehera nos ofrece una historia entre comodidad y elegancia, fiel a su dise\u00f1o escandinavo. A trav\u00e9s de un poema, Nehera revela sus ideas en torno a una obra de sastrer\u00eda, la pieza perfecta, ajustada al cuerpo que sublimar\u00e1. Un mensaje simple, que permite una interpretaci\u00f3n y una iniciaci\u00f3n en el universo Nehera.<\/font><\/p>\n<p align=\"justify\"><font size=\"3\">Elimine las l\u00edneas que disminuyen el flujo.<br \/>Reduce cualquier silueta a su esencia.<br \/>Dispensar el exceso.<br \/>Corregir formas para mejorar el ritmo.<br \/>Bienvenida a los tonos como si fueran colores.<br \/>Las entidades no deben multiplicarse m\u00e1s all\u00e1 de la necesidad.<br \/>Upcycle, reciclar, nunca downcycle.<br \/>Las interpretaciones m\u00e1s simples son preferibles a las complicadas.<br \/>Las expresiones deben equilibrar la funci\u00f3n y la emoci\u00f3n.<br \/>Los dise\u00f1os reflejan la flexibilidad de g\u00e9nero.<br \/>Cada creaci\u00f3n es indicativa de nuestra excelencia en la sastrer\u00eda.<br \/>Menos es m\u00e1s<\/font><\/p>\n<p align=\"justify\">ngg_shortcode_0_placeholder<\/p>\n<p align=\"justify\"><font size=\"3\"><br \/><\/font><\/p>\n","protected":false},"excerpt":{"rendered":"<p>La casa de moda NEHERA present\u00f3 la colecci\u00f3n Oto\u00f1o Invierno 2023.24, con una presentaci\u00f3n celebrada el 1 de marzo, durante la Semana de la Moda de Par\u00eds. Esta temporada, Nehera nos ofrece una historia entre comodidad y elegancia, fiel a&hellip;<\/p>\n<p class=\"more-link-p\"><a class=\"more-link\" href=\"https:\/\/bobvarela.com\/?p=150702\">Read more &rarr;<\/a><\/p>\n","protected":false},"author":1,"featured_media":0,"comment_status":"open","ping_status":"open","sticky":false,"template":"","format":"standard","meta":{"ngg_post_thumbnail":0,"footnotes":""},"categories":[4,523],"tags":[],"class_list":["post-150702","post","type-post","status-publish","format-standard","hentry","category-moda","category-paris"],"_links":{"self":[{"href":"https:\/\/bobvarela.com\/index.php?rest_route=\/wp\/v2\/posts\/150702","targetHints":{"allow":["GET"]}}],"collection":[{"href":"https:\/\/bobvarela.com\/index.php?rest_route=\/wp\/v2\/posts"}],"about":[{"href":"https:\/\/bobvarela.com\/index.php?rest_route=\/wp\/v2\/types\/post"}],"author":[{"embeddable":true,"href":"https:\/\/bobvarela.com\/index.php?rest_route=\/wp\/v2\/users\/1"}],"replies":[{"embeddable":true,"href":"https:\/\/bobvarela.com\/index.php?rest_route=%2Fwp%2Fv2%2Fcomments&post=150702"}],"version-history":[{"count":1,"href":"https:\/\/bobvarela.com\/index.php?rest_route=\/wp\/v2\/posts\/150702\/revisions"}],"predecessor-version":[{"id":150703,"href":"https:\/\/bobvarela.com\/index.php?rest_route=\/wp\/v2\/posts\/150702\/revisions\/150703"}],"wp:attachment":[{"href":"https:\/\/bobvarela.com\/index.php?rest_route=%2Fwp%2Fv2%2Fmedia&parent=150702"}],"wp:term":[{"taxonomy":"category","embeddable":true,"href":"https:\/\/bobvarela.com\/index.php?rest_route=%2Fwp%2Fv2%2Fcategories&post=150702"},{"taxonomy":"post_tag","embeddable":true,"href":"https:\/\/bobvarela.com\/index.php?rest_route=%2Fwp%2Fv2%2Ftags&post=150702"}],"curies":[{"name":"wp","href":"https:\/\/api.w.org\/{rel}","templated":true}]}}