{"id":150788,"date":"2023-03-09T04:28:58","date_gmt":"2023-03-09T08:28:58","guid":{"rendered":"https:\/\/bobvarela.com\/?p=150788"},"modified":"2023-03-09T04:28:58","modified_gmt":"2023-03-09T08:28:58","slug":"ester-manas-otoo-invierno-2023","status":"publish","type":"post","link":"https:\/\/bobvarela.com\/?p=150788","title":{"rendered":"Ester Manas Oto&ntilde;o\/Invierno 2023"},"content":{"rendered":"<p align=\"justify\"><font size=\"3\">Ester Manas mostr\u00f3 su colecci\u00f3n Oto\u00f1o\/Invierno 2023 en la Semana de la Moda de Par\u00eds esta temporada, utilizando el amor y el santo matrimonio como su principal sentido de inspiraci\u00f3n.<\/font><\/p>\n<p align=\"justify\"><font size=\"3\">Apodada &#8220;Para bien o para mal&#8221;, la colecci\u00f3n rezumaba romance, fusionando delicados cuerpos de encaje con telas transparentes y recortes de ensue\u00f1o, todo envuelto en una rica paleta de colores de rojo, negro, blanco y azul. Siluetas inspiradas en lencer\u00eda desfilaron por la pasarela, con hombros de tiras y cuellos halter que ofrecen un enfoque sexy pero de apoyo para la moda de busto m\u00e1s completo.<\/font><\/p>\n<p align=\"justify\"><font size=\"3\">En otros lugares, FW23 busc\u00f3 la estratificaci\u00f3n y la coordinaci\u00f3n como un medio para acentuar las curvas naturales del cuerpo y excitarlas. Las prendas de tonos similares llegaron en telas contrastantes, fusionando tejidos con malla y delicados volantes con calzado plateado grueso. En general, todo el escaparate se sinti\u00f3 como un sue\u00f1o, uno del que estamos m\u00e1s que felices de nunca despertar.<\/font><\/p>\n<p align=\"justify\">ngg_shortcode_0_placeholder<\/p>\n","protected":false},"excerpt":{"rendered":"<p>Ester Manas mostr\u00f3 su colecci\u00f3n Oto\u00f1o\/Invierno 2023 en la Semana de la Moda de Par\u00eds esta temporada, utilizando el amor y el santo matrimonio como su principal sentido de inspiraci\u00f3n. Apodada &#8220;Para bien o para mal&#8221;, la colecci\u00f3n rezumaba romance,&hellip;<\/p>\n<p class=\"more-link-p\"><a class=\"more-link\" href=\"https:\/\/bobvarela.com\/?p=150788\">Read more &rarr;<\/a><\/p>\n","protected":false},"author":1,"featured_media":0,"comment_status":"open","ping_status":"open","sticky":false,"template":"","format":"standard","meta":{"ngg_post_thumbnail":0,"footnotes":""},"categories":[4,295],"tags":[],"class_list":["post-150788","post","type-post","status-publish","format-standard","hentry","category-moda","category-puerto-rico"],"_links":{"self":[{"href":"https:\/\/bobvarela.com\/index.php?rest_route=\/wp\/v2\/posts\/150788","targetHints":{"allow":["GET"]}}],"collection":[{"href":"https:\/\/bobvarela.com\/index.php?rest_route=\/wp\/v2\/posts"}],"about":[{"href":"https:\/\/bobvarela.com\/index.php?rest_route=\/wp\/v2\/types\/post"}],"author":[{"embeddable":true,"href":"https:\/\/bobvarela.com\/index.php?rest_route=\/wp\/v2\/users\/1"}],"replies":[{"embeddable":true,"href":"https:\/\/bobvarela.com\/index.php?rest_route=%2Fwp%2Fv2%2Fcomments&post=150788"}],"version-history":[{"count":1,"href":"https:\/\/bobvarela.com\/index.php?rest_route=\/wp\/v2\/posts\/150788\/revisions"}],"predecessor-version":[{"id":150789,"href":"https:\/\/bobvarela.com\/index.php?rest_route=\/wp\/v2\/posts\/150788\/revisions\/150789"}],"wp:attachment":[{"href":"https:\/\/bobvarela.com\/index.php?rest_route=%2Fwp%2Fv2%2Fmedia&parent=150788"}],"wp:term":[{"taxonomy":"category","embeddable":true,"href":"https:\/\/bobvarela.com\/index.php?rest_route=%2Fwp%2Fv2%2Fcategories&post=150788"},{"taxonomy":"post_tag","embeddable":true,"href":"https:\/\/bobvarela.com\/index.php?rest_route=%2Fwp%2Fv2%2Ftags&post=150788"}],"curies":[{"name":"wp","href":"https:\/\/api.w.org\/{rel}","templated":true}]}}