{"id":150790,"date":"2023-03-09T04:30:10","date_gmt":"2023-03-09T08:30:10","guid":{"rendered":"https:\/\/bobvarela.com\/?p=150790"},"modified":"2023-03-09T04:30:10","modified_gmt":"2023-03-09T08:30:10","slug":"victoria-beckham-coleccin-otoo-invierno-2023","status":"publish","type":"post","link":"https:\/\/bobvarela.com\/?p=150790","title":{"rendered":"VICTORIA BECKHAM Colecci&oacute;n Oto&ntilde;o Invierno 2023"},"content":{"rendered":"<p align=\"justify\"><font size=\"3\">La casa de moda <em><strong>VICTORIA BECKHAM<\/strong><\/em> present\u00f3 su colecci\u00f3n Oto\u00f1o Invierno 2023, que celebra el enfoque experimental y sin miedo al estilo, el 3 de marzo, durante la Semana de la Moda de Par\u00eds. La colecci\u00f3n explora la emoci\u00f3n de jugar a disfrazarse, desde fiestas de disfraces infantiles y personalizaci\u00f3n rebelde de adolescentes, hasta lo que llegamos a definir como estilo. Para la temporada, la marca examina nuestra necesidad de construcci\u00f3n de car\u00e1cter de manera exc\u00e9ntrica, l\u00fadica y moderna. Victoria Beckham se inspir\u00f3 en las mujeres poco convencionales, as\u00ed como en el enfoque de vestirse de Little Edie de <em>Grey Gardens<\/em>.<\/font><\/p>\n<p align=\"justify\"><font size=\"3\">&#8220;<em>Los vestidos compuestos err\u00e1ticamente a partir de mosaicos crudos de pliss\u00e9 establecen un tono exc\u00e9ntrico para la silueta de la temporada. Est\u00e1n adornados con grandes plumas que sirven como apuntalamiento en los looks en todas partes, y entran en estampados de plumas trippy en vestidos de d\u00eda y de noche. Una ilusi\u00f3n \u00f3ptica, las impresiones alimentan un enfoque en la textura central de la colecci\u00f3n. Desde juegos de sombras en la transparencia hasta superficies t\u00e1ctiles y cosas que no son lo que parecen, los efectos impregnan prendas y accesorios con una sensaci\u00f3n magn\u00e9tica de rareza. Informada por el trabajo de la artista brasile\u00f1a Solange Pessoa, que pas\u00f3 d\u00e9cadas recolectando cabello humano para sus formidables instalaciones, las prendas de punto y los baberos de ganchillo se tejen a partir de extensiones de cabello, las bombas est\u00e1n hechas a mano en el mismo material y los mechones de cabello falso se deslizan desde el dobladillo y los escotes.<\/em><\/font><\/p>\n<p align=\"justify\">ngg_shortcode_0_placeholder<\/p>\n","protected":false},"excerpt":{"rendered":"<p>La casa de moda VICTORIA BECKHAM present\u00f3 su colecci\u00f3n Oto\u00f1o Invierno 2023, que celebra el enfoque experimental y sin miedo al estilo, el 3 de marzo, durante la Semana de la Moda de Par\u00eds. La colecci\u00f3n explora la emoci\u00f3n de&hellip;<\/p>\n<p class=\"more-link-p\"><a class=\"more-link\" href=\"https:\/\/bobvarela.com\/?p=150790\">Read more &rarr;<\/a><\/p>\n","protected":false},"author":1,"featured_media":0,"comment_status":"open","ping_status":"open","sticky":false,"template":"","format":"standard","meta":{"ngg_post_thumbnail":0,"footnotes":""},"categories":[4,523],"tags":[],"class_list":["post-150790","post","type-post","status-publish","format-standard","hentry","category-moda","category-paris"],"_links":{"self":[{"href":"https:\/\/bobvarela.com\/index.php?rest_route=\/wp\/v2\/posts\/150790","targetHints":{"allow":["GET"]}}],"collection":[{"href":"https:\/\/bobvarela.com\/index.php?rest_route=\/wp\/v2\/posts"}],"about":[{"href":"https:\/\/bobvarela.com\/index.php?rest_route=\/wp\/v2\/types\/post"}],"author":[{"embeddable":true,"href":"https:\/\/bobvarela.com\/index.php?rest_route=\/wp\/v2\/users\/1"}],"replies":[{"embeddable":true,"href":"https:\/\/bobvarela.com\/index.php?rest_route=%2Fwp%2Fv2%2Fcomments&post=150790"}],"version-history":[{"count":1,"href":"https:\/\/bobvarela.com\/index.php?rest_route=\/wp\/v2\/posts\/150790\/revisions"}],"predecessor-version":[{"id":150791,"href":"https:\/\/bobvarela.com\/index.php?rest_route=\/wp\/v2\/posts\/150790\/revisions\/150791"}],"wp:attachment":[{"href":"https:\/\/bobvarela.com\/index.php?rest_route=%2Fwp%2Fv2%2Fmedia&parent=150790"}],"wp:term":[{"taxonomy":"category","embeddable":true,"href":"https:\/\/bobvarela.com\/index.php?rest_route=%2Fwp%2Fv2%2Fcategories&post=150790"},{"taxonomy":"post_tag","embeddable":true,"href":"https:\/\/bobvarela.com\/index.php?rest_route=%2Fwp%2Fv2%2Ftags&post=150790"}],"curies":[{"name":"wp","href":"https:\/\/api.w.org\/{rel}","templated":true}]}}