{"id":150893,"date":"2023-03-20T06:39:08","date_gmt":"2023-03-20T10:39:08","guid":{"rendered":"https:\/\/bobvarela.com\/?p=150893"},"modified":"2023-03-20T06:39:08","modified_gmt":"2023-03-20T10:39:08","slug":"pablo-erroz-non-seasonal-23-24","status":"publish","type":"post","link":"https:\/\/bobvarela.com\/?p=150893","title":{"rendered":"Pablo Erroz  Non-Seasonal 23.24"},"content":{"rendered":"<p align=\"justify\"><font size=\"3\">Como hilo conductor se encuentra la cantidad de est\u00edmulos que percibimos diariamente, <strong><em>invit\u00e1ndonos<\/em><\/strong> a una reflexi\u00f3n sobre el d\u00eda a d\u00eda de una generaci\u00f3n que vive cargada de dosis de intensidad, noticias e informaci\u00f3n constante en b\u00fasqueda del est\u00edmulo ef\u00edmero, sin tiempo de poder identificar su prop\u00f3sito vital.<\/font><\/p>\n<p align=\"justify\"><font size=\"3\">Una colecci\u00f3n diversa, amplia y global, llena de contrastes, donde predominan el color y las mezclas de materiales. M\u00faltiples combinaciones de rayas, cuadros y prints geom\u00e9tricos en contraposici\u00f3n con org\u00e1nicos. Shapes deportivos con punto sastrero de actualidad, en b\u00fasqueda de un confort diario y sofisticado, donde se vuelven protagonistas materiales como el algod\u00f3n, las lanas 100%, sedas, el ante y novedosos tejidos t\u00e9cnicos. Un a\u00f1o m\u00e1s, vuelven a entrar en escena t\u00e9cnicas, oficios tradicionales y tejidos culturales con denominaci\u00f3n de origen como el ikat made in Mallorca creados por Bujosa. Una propuesta viva e intensa, compuesta de colores neutros como el beige, los soft whites o intensos negros, en contraste con tonos p\u00farpura, naranjas y limas. Todo ello toma vida acompa\u00f1ado de un casting real, diverso, inclusivo, multirracial y donde conviven diferentes generaciones, al que tambi\u00e9n se suman perfiles amigos de la marca, pertenecientes al mundo de la m\u00fasica, el arte y la cultura.<\/font><\/p>\nngg_shortcode_0_placeholder\n","protected":false},"excerpt":{"rendered":"<p>Como hilo conductor se encuentra la cantidad de est\u00edmulos que percibimos diariamente, invit\u00e1ndonos a una reflexi\u00f3n sobre el d\u00eda a d\u00eda de una generaci\u00f3n que vive cargada de dosis de intensidad, noticias e informaci\u00f3n constante en b\u00fasqueda del est\u00edmulo ef\u00edmero,&hellip;<\/p>\n<p class=\"more-link-p\"><a class=\"more-link\" href=\"https:\/\/bobvarela.com\/?p=150893\">Read more &rarr;<\/a><\/p>\n","protected":false},"author":1,"featured_media":0,"comment_status":"open","ping_status":"open","sticky":false,"template":"","format":"standard","meta":{"ngg_post_thumbnail":0,"footnotes":""},"categories":[4],"tags":[],"class_list":["post-150893","post","type-post","status-publish","format-standard","hentry","category-moda"],"_links":{"self":[{"href":"https:\/\/bobvarela.com\/index.php?rest_route=\/wp\/v2\/posts\/150893","targetHints":{"allow":["GET"]}}],"collection":[{"href":"https:\/\/bobvarela.com\/index.php?rest_route=\/wp\/v2\/posts"}],"about":[{"href":"https:\/\/bobvarela.com\/index.php?rest_route=\/wp\/v2\/types\/post"}],"author":[{"embeddable":true,"href":"https:\/\/bobvarela.com\/index.php?rest_route=\/wp\/v2\/users\/1"}],"replies":[{"embeddable":true,"href":"https:\/\/bobvarela.com\/index.php?rest_route=%2Fwp%2Fv2%2Fcomments&post=150893"}],"version-history":[{"count":1,"href":"https:\/\/bobvarela.com\/index.php?rest_route=\/wp\/v2\/posts\/150893\/revisions"}],"predecessor-version":[{"id":150894,"href":"https:\/\/bobvarela.com\/index.php?rest_route=\/wp\/v2\/posts\/150893\/revisions\/150894"}],"wp:attachment":[{"href":"https:\/\/bobvarela.com\/index.php?rest_route=%2Fwp%2Fv2%2Fmedia&parent=150893"}],"wp:term":[{"taxonomy":"category","embeddable":true,"href":"https:\/\/bobvarela.com\/index.php?rest_route=%2Fwp%2Fv2%2Fcategories&post=150893"},{"taxonomy":"post_tag","embeddable":true,"href":"https:\/\/bobvarela.com\/index.php?rest_route=%2Fwp%2Fv2%2Ftags&post=150893"}],"curies":[{"name":"wp","href":"https:\/\/api.w.org\/{rel}","templated":true}]}}