{"id":151141,"date":"2023-03-29T05:15:22","date_gmt":"2023-03-29T09:15:22","guid":{"rendered":"https:\/\/bobvarela.com\/?p=151141"},"modified":"2023-03-29T05:15:22","modified_gmt":"2023-03-29T09:15:22","slug":"isabel-sanchs-otoo-invierno-2023-24","status":"publish","type":"post","link":"https:\/\/bobvarela.com\/?p=151141","title":{"rendered":"Isabel Sanch&iacute;s Oto&ntilde;o Invierno 2023\/24"},"content":{"rendered":"<p align=\"justify\"><font size=\"3\">La colecci\u00f3n Oto\u00f1o Invierno 2023\/24 de Isabel Sanch\u00eds es seductora, fuerte y poderosa que quiere crear un di\u00e1logo creativo entre la prenda y el espectador, que sean ellas las que transmitan sensaciones para cada persona.<\/font><\/p>\n<p align=\"justify\"><font size=\"3\">En ella, los tejidos y formas muestran la uni\u00f3n entre la artesan\u00eda tradicional y las t\u00e9cnicas m\u00e1s vanguardistas creando piezas fuertes y espectaculares que parten desde un pr\u00eat-\u00e0-porter m\u00e1s deconstruido&nbsp; con imponentes hombreras, dejando a la vista partes del cuerpo en chaquetas, faldas y vestidos, drapeados fluidos, elegantes y sexys, y piezas esculturales que muestran detalles suspendidos en el aire.<\/font><\/p>\n<p align=\"justify\"><font size=\"3\">En cuanto a la gama de colores, predomina el color negro, elegante y seductor, propio de esta colecci\u00f3n, aunque tambi\u00e9n aparecen pinceladas de verdes, naranjas y marrones que aportan calidez.<\/font><\/p>\n<p align=\"justify\"><font size=\"3\">En definitiva, es una colecci\u00f3n que muestra el disfrute del proceso de creaci\u00f3n de cada pieza y que est\u00e1 conectada con la mujer actual.<\/font><\/p>\nngg_shortcode_0_placeholder\n","protected":false},"excerpt":{"rendered":"<p>La colecci\u00f3n Oto\u00f1o Invierno 2023\/24 de Isabel Sanch\u00eds es seductora, fuerte y poderosa que quiere crear un di\u00e1logo creativo entre la prenda y el espectador, que sean ellas las que transmitan sensaciones para cada persona. En ella, los tejidos y&hellip;<\/p>\n<p class=\"more-link-p\"><a class=\"more-link\" href=\"https:\/\/bobvarela.com\/?p=151141\">Read more &rarr;<\/a><\/p>\n","protected":false},"author":1,"featured_media":0,"comment_status":"open","ping_status":"open","sticky":false,"template":"","format":"standard","meta":{"ngg_post_thumbnail":0,"footnotes":""},"categories":[521,4],"tags":[],"class_list":["post-151141","post","type-post","status-publish","format-standard","hentry","category-madrid","category-moda"],"_links":{"self":[{"href":"https:\/\/bobvarela.com\/index.php?rest_route=\/wp\/v2\/posts\/151141","targetHints":{"allow":["GET"]}}],"collection":[{"href":"https:\/\/bobvarela.com\/index.php?rest_route=\/wp\/v2\/posts"}],"about":[{"href":"https:\/\/bobvarela.com\/index.php?rest_route=\/wp\/v2\/types\/post"}],"author":[{"embeddable":true,"href":"https:\/\/bobvarela.com\/index.php?rest_route=\/wp\/v2\/users\/1"}],"replies":[{"embeddable":true,"href":"https:\/\/bobvarela.com\/index.php?rest_route=%2Fwp%2Fv2%2Fcomments&post=151141"}],"version-history":[{"count":1,"href":"https:\/\/bobvarela.com\/index.php?rest_route=\/wp\/v2\/posts\/151141\/revisions"}],"predecessor-version":[{"id":151142,"href":"https:\/\/bobvarela.com\/index.php?rest_route=\/wp\/v2\/posts\/151141\/revisions\/151142"}],"wp:attachment":[{"href":"https:\/\/bobvarela.com\/index.php?rest_route=%2Fwp%2Fv2%2Fmedia&parent=151141"}],"wp:term":[{"taxonomy":"category","embeddable":true,"href":"https:\/\/bobvarela.com\/index.php?rest_route=%2Fwp%2Fv2%2Fcategories&post=151141"},{"taxonomy":"post_tag","embeddable":true,"href":"https:\/\/bobvarela.com\/index.php?rest_route=%2Fwp%2Fv2%2Ftags&post=151141"}],"curies":[{"name":"wp","href":"https:\/\/api.w.org\/{rel}","templated":true}]}}