{"id":151149,"date":"2023-04-01T10:15:48","date_gmt":"2023-04-01T14:15:48","guid":{"rendered":"https:\/\/bobvarela.com\/?p=151149"},"modified":"2023-04-01T10:15:48","modified_gmt":"2023-04-01T14:15:48","slug":"monique-alarcn-representara-a-puerto-rico-en-miss-panamerican-international","status":"publish","type":"post","link":"https:\/\/bobvarela.com\/?p=151149","title":{"rendered":"Monique Alarc&oacute;n Representara a Puerto Rico en Miss Panamerican International"},"content":{"rendered":"<p align=\"center\"><font size=\"3\"><a href=\"https:\/\/bobvarela.com\/wp-content\/uploads\/2023\/04\/MONIQUE_swimmprp.jpg\"><img loading=\"lazy\" decoding=\"async\" width=\"312\" height=\"466\" title=\"MONIQUE_swimmprp\" style=\"display: inline; background-image: none;\" alt=\"MONIQUE_swimmprp\" src=\"https:\/\/bobvarela.com\/wp-content\/uploads\/2023\/04\/MONIQUE_swimmprp_thumb.jpg\" border=\"0\"\/><\/a><\/font><\/p>\n<p align=\"justify\"><font size=\"3\">Monique Alarc\u00f3n de San Juan y con 26 a\u00f1os de edad ser\u00e1 nuestra representante&nbsp; en busca de conquistar la corona n\u00famero 35 del Miss Panamerican International <br \/>para Puerto Rico, a celebrarse del 14 al 22 de mayo en Los \u00c1ngeles, California.<\/font><\/p>\n<p align=\"justify\"><font size=\"3\">Monique es graduada Cum Laude de la Universidad del Sagrado Coraz\u00f3n <br \/>con un bachillerato en Comunicaciones y una concentraci\u00f3n menor en Psicolog\u00eda,<br \/>adem\u00e1s de haber tenido la oportunidad de haber sido becada por deportes en voleibol y participar de la LAI (Liga Atl\u00e9tica Interuniversitaria de Puerto Rico).<\/font><\/p>\n<p align=\"center\"><font size=\"3\"><a href=\"https:\/\/bobvarela.com\/wp-content\/uploads\/2023\/04\/MONIQUEfllogo6ce430c-e145-4f6f-802a-b0b4bb8b13d6-copy.jpg\"><img loading=\"lazy\" decoding=\"async\" width=\"325\" height=\"400\" title=\"MONIQUEfllogo6ce430c-e145-4f6f-802a-b0b4bb8b13d6 copy\" style=\"display: inline; background-image: none;\" alt=\"MONIQUEfllogo6ce430c-e145-4f6f-802a-b0b4bb8b13d6 copy\" src=\"https:\/\/bobvarela.com\/wp-content\/uploads\/2023\/04\/MONIQUEfllogo6ce430c-e145-4f6f-802a-b0b4bb8b13d6-copy_thumb.jpg\" border=\"0\"\/><\/a><\/font><\/p>\n<p align=\"justify\"><font size=\"3\">Ha colaborado con las entidades sin fines de lucro; Iniciativa Comunitaria, trabajando <\/font><font size=\"3\">con personas sin hogar y\/o con problemas de adicci\u00f3n y recientemente con Clear Waters P.R. donde pudo liderar limpiezas costeras, as\u00ed como \u201csnorkeling tours\u201d.<\/font><\/p>\n<p align=\"justify\"><font size=\"3\"><\/font><font size=\"3\">Es fiel creyente de que la educaci\u00f3n cesa la ignorancia en todos los \u00e1mbitos y nos fortalece <\/font><font size=\"3\">para entender y cuidar nuestra salud mental. Se pronuncia defensora de los derechos de la mujer y de la igualdad de g\u00e9nero que tanto se necesita acoplar en nuestra sociedad.<\/font><\/p>\n<p align=\"center\"><font size=\"3\"><a href=\"https:\/\/bobvarela.com\/wp-content\/uploads\/2023\/04\/monique3-4.jpg\"><img loading=\"lazy\" decoding=\"async\" width=\"341\" height=\"509\" title=\"monique3-4\" style=\"display: inline; background-image: none;\" alt=\"monique3-4\" src=\"https:\/\/bobvarela.com\/wp-content\/uploads\/2023\/04\/monique3-4_thumb.jpg\" border=\"0\"\/><\/a><\/font><\/p>\n<p align=\"justify\"><font size=\"3\"><\/font><font size=\"3\">MIss Panamerican International es un evento que fomenta las buenas relaciones <br \/>entre los pa\u00edses hispanos permitiendo a sus representantes exponerse en los medios <br \/>de comunicaci\u00f3n para as\u00ed lograr una extensi\u00f3n de su cultura y valores con el fin de <br \/>promover cada pa\u00eds representado como destino tur\u00edstico.<\/font><\/p>\n<p align=\"justify\"><font size=\"3\">La noche final ser\u00e1 celebrada el s\u00e1bado 20 de mayo donde Lisbeth Valverde;de Costa Rica entregar\u00e1 su corona.<\/font><\/p>\n","protected":false},"excerpt":{"rendered":"<p>Monique Alarc\u00f3n de San Juan y con 26 a\u00f1os de edad ser\u00e1 nuestra representante&nbsp; en busca de conquistar la corona n\u00famero 35 del Miss Panamerican International para Puerto Rico, a celebrarse del 14 al 22 de mayo en Los \u00c1ngeles,&hellip;<\/p>\n<p class=\"more-link-p\"><a class=\"more-link\" href=\"https:\/\/bobvarela.com\/?p=151149\">Read more &rarr;<\/a><\/p>\n","protected":false},"author":1,"featured_media":0,"comment_status":"open","ping_status":"open","sticky":false,"template":"","format":"standard","meta":{"ngg_post_thumbnail":0,"footnotes":""},"categories":[5],"tags":[],"class_list":["post-151149","post","type-post","status-publish","format-standard","hentry","category-concursos"],"_links":{"self":[{"href":"https:\/\/bobvarela.com\/index.php?rest_route=\/wp\/v2\/posts\/151149","targetHints":{"allow":["GET"]}}],"collection":[{"href":"https:\/\/bobvarela.com\/index.php?rest_route=\/wp\/v2\/posts"}],"about":[{"href":"https:\/\/bobvarela.com\/index.php?rest_route=\/wp\/v2\/types\/post"}],"author":[{"embeddable":true,"href":"https:\/\/bobvarela.com\/index.php?rest_route=\/wp\/v2\/users\/1"}],"replies":[{"embeddable":true,"href":"https:\/\/bobvarela.com\/index.php?rest_route=%2Fwp%2Fv2%2Fcomments&post=151149"}],"version-history":[{"count":1,"href":"https:\/\/bobvarela.com\/index.php?rest_route=\/wp\/v2\/posts\/151149\/revisions"}],"predecessor-version":[{"id":151150,"href":"https:\/\/bobvarela.com\/index.php?rest_route=\/wp\/v2\/posts\/151149\/revisions\/151150"}],"wp:attachment":[{"href":"https:\/\/bobvarela.com\/index.php?rest_route=%2Fwp%2Fv2%2Fmedia&parent=151149"}],"wp:term":[{"taxonomy":"category","embeddable":true,"href":"https:\/\/bobvarela.com\/index.php?rest_route=%2Fwp%2Fv2%2Fcategories&post=151149"},{"taxonomy":"post_tag","embeddable":true,"href":"https:\/\/bobvarela.com\/index.php?rest_route=%2Fwp%2Fv2%2Ftags&post=151149"}],"curies":[{"name":"wp","href":"https:\/\/api.w.org\/{rel}","templated":true}]}}