{"id":151286,"date":"2023-04-06T07:07:43","date_gmt":"2023-04-06T11:07:43","guid":{"rendered":"https:\/\/bobvarela.com\/?p=151286"},"modified":"2023-04-06T07:07:43","modified_gmt":"2023-04-06T11:07:43","slug":"roberto-torretta-otoo-invierno-23-24","status":"publish","type":"post","link":"https:\/\/bobvarela.com\/?p=151286","title":{"rendered":"Roberto Torretta Oto&ntilde;o\/Invierno 23\/24"},"content":{"rendered":"<p align=\"justify\"><font size=\"3\">Roberto Torretta presenta una colecci\u00f3n Oto\u00f1o\/Invierno 23\/24 que tiene como eje principal enriquecer las siluetas con detalles de alta costura.<\/font><\/p>\n<p align=\"justify\"><font size=\"3\">Una colecci\u00f3n con una carta de colores inspirada en la obra del pintor contempor\u00e1neo Egon Schiele, el mayor representante del expresionismo austriaco, dominada por tonos neutros en distintos grados de beige, rosa azucarado y lavanda, que contrastan con gris antracita, amarillo intenso, \u201cbordeaux\u201d, azul cer\u00faleo oscuro y negro.<\/font><\/p>\n<p align=\"justify\"><font size=\"3\">Una propuesta para el pr\u00f3ximo oto\u00f1o\/invierno en la que se dibujan detalles refinados y estudiadas&nbsp; superposiciones en looks de tres prendas que se alternan entre vestidos \u201cmidi\u201d, drapeados con cortes asim\u00e9tricos y mangas singulares y otros m\u00e1s cortos, de escotes redondeados y pinzas al aire.<\/font><\/p>\n<p align=\"justify\"><font size=\"3\">La sastrer\u00eda, arraigada en la marca, dise\u00f1a chaquetas, pantalones y abrigos de l\u00edneas marcadas a tramos discontinuos, cortes limpios y cinturillas trabajadas. Importancia a las solapas y con denominador de tendencia com\u00fan las tapetas cl\u00e1sicas.<\/font><\/p>\n<p align=\"justify\"><font size=\"3\">La colecci\u00f3n presenta tejidos de aspecto arenoso como el \u201ccr\u00eape\u201d de lana o satinados como el cr\u00eape de chine, que se agitan con el mohair, el cuero, que regresa con fuerza, sargas t\u00e9cnicas y telas de acabados \u201cmoulin\u00e9\u201d.<\/font><\/p>\n<p align=\"justify\"><font size=\"3\">Siluetas sencillas de gran impacto en terciopelo brocado y lentejuelas, describen la noche y, junto a zapatos y bolsos (marca de la casa), definen la colecci\u00f3n de Roberto Torretta para el oto\u00f1o\/invierno 23\/24 con un mensaje firme: elegante equilibrio: \u201cdalla mattina all\u00e1 ser\u00e1\u201d.<\/font>&nbsp;<\/p>\nngg_shortcode_0_placeholder\n","protected":false},"excerpt":{"rendered":"<p>Roberto Torretta presenta una colecci\u00f3n Oto\u00f1o\/Invierno 23\/24 que tiene como eje principal enriquecer las siluetas con detalles de alta costura. Una colecci\u00f3n con una carta de colores inspirada en la obra del pintor contempor\u00e1neo Egon Schiele, el mayor representante del&hellip;<\/p>\n<p class=\"more-link-p\"><a class=\"more-link\" href=\"https:\/\/bobvarela.com\/?p=151286\">Read more &rarr;<\/a><\/p>\n","protected":false},"author":1,"featured_media":0,"comment_status":"open","ping_status":"open","sticky":false,"template":"","format":"standard","meta":{"ngg_post_thumbnail":0,"footnotes":""},"categories":[521,4],"tags":[],"class_list":["post-151286","post","type-post","status-publish","format-standard","hentry","category-madrid","category-moda"],"_links":{"self":[{"href":"https:\/\/bobvarela.com\/index.php?rest_route=\/wp\/v2\/posts\/151286","targetHints":{"allow":["GET"]}}],"collection":[{"href":"https:\/\/bobvarela.com\/index.php?rest_route=\/wp\/v2\/posts"}],"about":[{"href":"https:\/\/bobvarela.com\/index.php?rest_route=\/wp\/v2\/types\/post"}],"author":[{"embeddable":true,"href":"https:\/\/bobvarela.com\/index.php?rest_route=\/wp\/v2\/users\/1"}],"replies":[{"embeddable":true,"href":"https:\/\/bobvarela.com\/index.php?rest_route=%2Fwp%2Fv2%2Fcomments&post=151286"}],"version-history":[{"count":1,"href":"https:\/\/bobvarela.com\/index.php?rest_route=\/wp\/v2\/posts\/151286\/revisions"}],"predecessor-version":[{"id":151287,"href":"https:\/\/bobvarela.com\/index.php?rest_route=\/wp\/v2\/posts\/151286\/revisions\/151287"}],"wp:attachment":[{"href":"https:\/\/bobvarela.com\/index.php?rest_route=%2Fwp%2Fv2%2Fmedia&parent=151286"}],"wp:term":[{"taxonomy":"category","embeddable":true,"href":"https:\/\/bobvarela.com\/index.php?rest_route=%2Fwp%2Fv2%2Fcategories&post=151286"},{"taxonomy":"post_tag","embeddable":true,"href":"https:\/\/bobvarela.com\/index.php?rest_route=%2Fwp%2Fv2%2Ftags&post=151286"}],"curies":[{"name":"wp","href":"https:\/\/api.w.org\/{rel}","templated":true}]}}