{"id":151288,"date":"2023-04-06T07:14:48","date_gmt":"2023-04-06T11:14:48","guid":{"rendered":"https:\/\/bobvarela.com\/?p=151288"},"modified":"2023-04-06T07:14:48","modified_gmt":"2023-04-06T11:14:48","slug":"teresa-helbig-otoo-invierno-2023_2024","status":"publish","type":"post","link":"https:\/\/bobvarela.com\/?p=151288","title":{"rendered":"Teresa Helbig Oto&ntilde;o Invierno 2023_2024"},"content":{"rendered":"<p align=\"justify\"><font size=\"3\">Margarita de Austria la llamaba la \u201cPetite Boulain\u201d (Ana Bolena), y ella es la protagonista de nuestra historia.<\/font><\/p>\n<p align=\"justify\"><font size=\"3\">Nos encontramos a principios del a\u00f1o 1500 en el Reino Unido. En el seno de una familia arist\u00f3crata, nace la mujer que supondr\u00eda la ruptura de la monarqu\u00eda inglesa con el catolicismo romano y por consiguiente la fundaci\u00f3n de la Iglesia anglicana. La mujer que dio a luz a Isabel I y a su Inglaterra dorada. La mujer que probablemente fue el mayor icono de la moda inglesa de principios del siglo XVI. La mujer que, pese a las circunstancias de la \u00e9poca, tuvo la valent\u00eda de hacer las cosas a su manera y bajo sus normas. Una mujer inteligent\u00edsima, educada, audaz, carism\u00e1tica, magn\u00e9tica, de origen brit\u00e1nico, pero esencia afrancesada. Una mujer Helbig en toda regla.<\/font><\/p>\nngg_shortcode_0_placeholder\n","protected":false},"excerpt":{"rendered":"<p>Margarita de Austria la llamaba la \u201cPetite Boulain\u201d (Ana Bolena), y ella es la protagonista de nuestra historia. Nos encontramos a principios del a\u00f1o 1500 en el Reino Unido. En el seno de una familia arist\u00f3crata, nace la mujer que&hellip;<\/p>\n<p class=\"more-link-p\"><a class=\"more-link\" href=\"https:\/\/bobvarela.com\/?p=151288\">Read more &rarr;<\/a><\/p>\n","protected":false},"author":1,"featured_media":0,"comment_status":"open","ping_status":"open","sticky":false,"template":"","format":"standard","meta":{"ngg_post_thumbnail":0,"footnotes":""},"categories":[521,4],"tags":[],"class_list":["post-151288","post","type-post","status-publish","format-standard","hentry","category-madrid","category-moda"],"_links":{"self":[{"href":"https:\/\/bobvarela.com\/index.php?rest_route=\/wp\/v2\/posts\/151288","targetHints":{"allow":["GET"]}}],"collection":[{"href":"https:\/\/bobvarela.com\/index.php?rest_route=\/wp\/v2\/posts"}],"about":[{"href":"https:\/\/bobvarela.com\/index.php?rest_route=\/wp\/v2\/types\/post"}],"author":[{"embeddable":true,"href":"https:\/\/bobvarela.com\/index.php?rest_route=\/wp\/v2\/users\/1"}],"replies":[{"embeddable":true,"href":"https:\/\/bobvarela.com\/index.php?rest_route=%2Fwp%2Fv2%2Fcomments&post=151288"}],"version-history":[{"count":1,"href":"https:\/\/bobvarela.com\/index.php?rest_route=\/wp\/v2\/posts\/151288\/revisions"}],"predecessor-version":[{"id":151289,"href":"https:\/\/bobvarela.com\/index.php?rest_route=\/wp\/v2\/posts\/151288\/revisions\/151289"}],"wp:attachment":[{"href":"https:\/\/bobvarela.com\/index.php?rest_route=%2Fwp%2Fv2%2Fmedia&parent=151288"}],"wp:term":[{"taxonomy":"category","embeddable":true,"href":"https:\/\/bobvarela.com\/index.php?rest_route=%2Fwp%2Fv2%2Fcategories&post=151288"},{"taxonomy":"post_tag","embeddable":true,"href":"https:\/\/bobvarela.com\/index.php?rest_route=%2Fwp%2Fv2%2Ftags&post=151288"}],"curies":[{"name":"wp","href":"https:\/\/api.w.org\/{rel}","templated":true}]}}