{"id":151336,"date":"2023-04-18T06:20:56","date_gmt":"2023-04-18T10:20:56","guid":{"rendered":"https:\/\/bobvarela.com\/?p=151336"},"modified":"2023-04-18T06:20:56","modified_gmt":"2023-04-18T10:20:56","slug":"claro-couture-aw23-24","status":"publish","type":"post","link":"https:\/\/bobvarela.com\/?p=151336","title":{"rendered":"Claro Couture  AW23\/24"},"content":{"rendered":"<p align=\"center\"><font size=\"3\"><a href=\"https:\/\/bobvarela.com\/wp-content\/uploads\/2023\/04\/PF23_Claro_Couture_1193.jpg\"><img loading=\"lazy\" decoding=\"async\" width=\"319\" height=\"216\" title=\"PF23_Claro_Couture_1193\" style=\"display: inline; background-image: none;\" alt=\"PF23_Claro_Couture_1193\" src=\"https:\/\/bobvarela.com\/wp-content\/uploads\/2023\/04\/PF23_Claro_Couture_1193_thumb.jpg\" border=\"0\"\/><\/a><\/font><\/p>\n<p align=\"justify\"><font size=\"3\">La nueva colecci\u00f3n de CLARO couture tiene como t\u00edtulo DARE, basado el desaf\u00edo de mezclar piezas muy alta costura con piezas ready to wear pues la fin y al cabo de esto se trata la vida, de equilibrio.<\/font><\/p>\n<p align=\"justify\"><font size=\"3\">Siguiendo la estela de otras ediciones, el negro y el blanco se mantienen, haciendo de estos un cl\u00e1sico de CLARO couture, y el color novedad es el verde en diferentes gamas del esmeralda&#8230; m\u00e1s claros y m\u00e1s intensos.<\/font><\/p>\n<p align=\"justify\"><font size=\"3\">Los materiales con los que se ha trabajado DARE son mikado, lat\u00f3n, organza brocada, punto de seda, <em>ta?eta<\/em>, piel sint\u00e9tica, encaje con l\u00e1tex y lentejuelas de <em>print <\/em>degradado.<\/font><\/p>\n<p align=\"justify\"><font size=\"3\">En cuanto a las formas:<\/font><\/p>\n<p align=\"justify\"><font size=\"3\">Vestido de silueta l\u00e1piz, suits armados, abrigos oversize, minifaldas y estructuras 3D<\/font><\/p>\n<p align=\"justify\">ngg_shortcode_0_placeholder<\/p>\n","protected":false},"excerpt":{"rendered":"<p>La nueva colecci\u00f3n de CLARO couture tiene como t\u00edtulo DARE, basado el desaf\u00edo de mezclar piezas muy alta costura con piezas ready to wear pues la fin y al cabo de esto se trata la vida, de equilibrio. Siguiendo la&hellip;<\/p>\n<p class=\"more-link-p\"><a class=\"more-link\" href=\"https:\/\/bobvarela.com\/?p=151336\">Read more &rarr;<\/a><\/p>\n","protected":false},"author":1,"featured_media":0,"comment_status":"open","ping_status":"open","sticky":false,"template":"","format":"standard","meta":{"ngg_post_thumbnail":0,"footnotes":""},"categories":[521,4],"tags":[],"class_list":["post-151336","post","type-post","status-publish","format-standard","hentry","category-madrid","category-moda"],"_links":{"self":[{"href":"https:\/\/bobvarela.com\/index.php?rest_route=\/wp\/v2\/posts\/151336","targetHints":{"allow":["GET"]}}],"collection":[{"href":"https:\/\/bobvarela.com\/index.php?rest_route=\/wp\/v2\/posts"}],"about":[{"href":"https:\/\/bobvarela.com\/index.php?rest_route=\/wp\/v2\/types\/post"}],"author":[{"embeddable":true,"href":"https:\/\/bobvarela.com\/index.php?rest_route=\/wp\/v2\/users\/1"}],"replies":[{"embeddable":true,"href":"https:\/\/bobvarela.com\/index.php?rest_route=%2Fwp%2Fv2%2Fcomments&post=151336"}],"version-history":[{"count":1,"href":"https:\/\/bobvarela.com\/index.php?rest_route=\/wp\/v2\/posts\/151336\/revisions"}],"predecessor-version":[{"id":151337,"href":"https:\/\/bobvarela.com\/index.php?rest_route=\/wp\/v2\/posts\/151336\/revisions\/151337"}],"wp:attachment":[{"href":"https:\/\/bobvarela.com\/index.php?rest_route=%2Fwp%2Fv2%2Fmedia&parent=151336"}],"wp:term":[{"taxonomy":"category","embeddable":true,"href":"https:\/\/bobvarela.com\/index.php?rest_route=%2Fwp%2Fv2%2Fcategories&post=151336"},{"taxonomy":"post_tag","embeddable":true,"href":"https:\/\/bobvarela.com\/index.php?rest_route=%2Fwp%2Fv2%2Ftags&post=151336"}],"curies":[{"name":"wp","href":"https:\/\/api.w.org\/{rel}","templated":true}]}}