{"id":151665,"date":"2023-05-24T06:10:45","date_gmt":"2023-05-24T10:10:45","guid":{"rendered":"https:\/\/bobvarela.com\/?p=151665"},"modified":"2023-05-24T06:10:45","modified_gmt":"2023-05-24T10:10:45","slug":"dua-lipa-x-versace-la-vacanza-2024","status":"publish","type":"post","link":"https:\/\/bobvarela.com\/?p=151665","title":{"rendered":"Dua Lipa x VERSACE LA VACANZA 2024"},"content":{"rendered":"<p align=\"justify\"><font size=\"3\">El desfile de moda Dua Lipa x Versace La Vacanza tiene lugar en uno de los lugares m\u00e1s encantadores del sur de Francia: una pasarela que se extiende a trav\u00e9s de una piscina con una vista impresionante del azul del mar Mediterr\u00e1neo que se funde con el horizonte. El espect\u00e1culo re\u00fane a los amigos y familiares de Versace, mientras que las modelos muestran las piezas de la nueva colecci\u00f3n. Entre las modelos se encuentran Iris Law, Lila Moss y Jill Kortleve. El espect\u00e1culo concluye con un momento po\u00e9tico, una muestra \u00edntima de amistad y admiraci\u00f3n entre dos mujeres que representan el empoderamiento femenino en el mundo de la moda y el entretenimiento, unidas en un proyecto \u00fanico e inolvidable.<\/font><\/p>\n<p align=\"justify\"><font size=\"3\">El espect\u00e1culo puede ser en Cannes, pero el glamour emana un inconfundible toque italiano, acompa\u00f1ado de una banda sonora inspirada en los a\u00f1os 60 que recuerda a las pel\u00edculas cl\u00e1sicas ambientadas en lujosas villas. Donatella explica que aprendi\u00f3 mucho de Dua Lipa a lo largo de este proyecto, destacando que Dua Lipa va m\u00e1s all\u00e1 de la idea de una influencer con millones de fans; Ella representa a la mujer moderna, fuerte y segura. Donatella tambi\u00e9n menciona la naturaleza disruptiva de Dua Lipa y su capacidad para crear intrincados dise\u00f1os de recortes de papel en peque\u00f1os trozos de papel, mostrando el esp\u00edritu juguet\u00f3n y \u00fanico de la cantante. Todos estos elementos se unen en la colecci\u00f3n Dua Lipa x Versace La Vacanza.<\/font><\/p>\n<p align=\"justify\"><font size=\"3\">La colecci\u00f3n ofrece una gama de piezas impresionantes que capturan la esencia de la moda vacacional. Minifaldas flotantes hechas de malla met\u00e1lica adornadas con delicados apliques de mariposa recuerdan un look famoso por Naomi Campbell en un vestido met\u00e1lico de orot\u00f3n. Los vestidos largos de orot\u00f3n en tonos que recuerdan al mar son perfectos para las fiestas de la Riviera. Para el atuendo diurno, la colecci\u00f3n presenta estampados foulard, patrones tomados de los archivos de Versace y reinventados para crear nuevos dise\u00f1os. Dua Lipa, conocida por su inclinaci\u00f3n por vestir todo, ha enfatizado la importancia de crear algo nuevo mientras se inspira en la historia de la marca. Adem\u00e1s, la colecci\u00f3n incorpora el toque l\u00fadico de Dua con coloridos motivos de mariposas, que recuerdan a los a\u00f1os 60, combinados con lunares y mariquitas de gran tama\u00f1o, o colocados espor\u00e1dicamente como elementos decorativos caprichosos.<\/font><\/p>\n<p align=\"justify\">ngg_shortcode_0_placeholder<\/p>\n","protected":false},"excerpt":{"rendered":"<p>El desfile de moda Dua Lipa x Versace La Vacanza tiene lugar en uno de los lugares m\u00e1s encantadores del sur de Francia: una pasarela que se extiende a trav\u00e9s de una piscina con una vista impresionante del azul del&hellip;<\/p>\n<p class=\"more-link-p\"><a class=\"more-link\" href=\"https:\/\/bobvarela.com\/?p=151665\">Read more &rarr;<\/a><\/p>\n","protected":false},"author":1,"featured_media":0,"comment_status":"open","ping_status":"open","sticky":false,"template":"","format":"standard","meta":{"ngg_post_thumbnail":0,"footnotes":""},"categories":[4],"tags":[],"class_list":["post-151665","post","type-post","status-publish","format-standard","hentry","category-moda"],"_links":{"self":[{"href":"https:\/\/bobvarela.com\/index.php?rest_route=\/wp\/v2\/posts\/151665","targetHints":{"allow":["GET"]}}],"collection":[{"href":"https:\/\/bobvarela.com\/index.php?rest_route=\/wp\/v2\/posts"}],"about":[{"href":"https:\/\/bobvarela.com\/index.php?rest_route=\/wp\/v2\/types\/post"}],"author":[{"embeddable":true,"href":"https:\/\/bobvarela.com\/index.php?rest_route=\/wp\/v2\/users\/1"}],"replies":[{"embeddable":true,"href":"https:\/\/bobvarela.com\/index.php?rest_route=%2Fwp%2Fv2%2Fcomments&post=151665"}],"version-history":[{"count":2,"href":"https:\/\/bobvarela.com\/index.php?rest_route=\/wp\/v2\/posts\/151665\/revisions"}],"predecessor-version":[{"id":151725,"href":"https:\/\/bobvarela.com\/index.php?rest_route=\/wp\/v2\/posts\/151665\/revisions\/151725"}],"wp:attachment":[{"href":"https:\/\/bobvarela.com\/index.php?rest_route=%2Fwp%2Fv2%2Fmedia&parent=151665"}],"wp:term":[{"taxonomy":"category","embeddable":true,"href":"https:\/\/bobvarela.com\/index.php?rest_route=%2Fwp%2Fv2%2Fcategories&post=151665"},{"taxonomy":"post_tag","embeddable":true,"href":"https:\/\/bobvarela.com\/index.php?rest_route=%2Fwp%2Fv2%2Ftags&post=151665"}],"curies":[{"name":"wp","href":"https:\/\/api.w.org\/{rel}","templated":true}]}}