{"id":151816,"date":"2023-05-31T07:27:06","date_gmt":"2023-05-31T11:27:06","guid":{"rendered":"https:\/\/bobvarela.com\/?p=151816"},"modified":"2023-05-31T07:27:06","modified_gmt":"2023-05-31T11:27:06","slug":"thear-desfile-de-moda-primavera-verano-2024","status":"publish","type":"post","link":"https:\/\/bobvarela.com\/?p=151816","title":{"rendered":"Thear Desfile de Moda Primavera Verano 2024"},"content":{"rendered":"<p align=\"justify\"><font size=\"3\">Thear Vestu\u00e1rio, est\u00e1 listo para rendir un sentido homenaje a la estimada poetisa y pastelera brasile\u00f1a Cora Coralina con su \u00faltima colecci\u00f3n, acertadamente llamada &#8220;Todas as Coras&#8221; (Todos los colores). Este homenaje no solo muestra la creatividad y el arte de la marca, sino que tambi\u00e9n destaca la profunda influencia de la vida y el trabajo de Coralina.<\/font><\/p>\n<p align=\"justify\"><font size=\"3\">Las piezas de moda dentro de la colecci\u00f3n &#8220;Todas as Coras&#8221; son una exquisita muestra de artesan\u00eda y atenci\u00f3n al detalle. Los looks presentan intrincadas t\u00e9cnicas de capas, jugando con transparencias contrastantes y delicados encajes hechos de laise y guipir. Estos delicados tejidos se combinan h\u00e1bilmente con algod\u00f3n y mezclilla, creando una mezcla armoniosa de fragilidad y fuerza. El uso de algod\u00f3n y denim proporciona una robustez natural, yuxtaponiendo las cualidades et\u00e9reas de la colecci\u00f3n.<\/font><\/p>\n<p align=\"justify\"><font size=\"3\">ngg_shortcode_0_placeholder<\/font><\/p>\n","protected":false},"excerpt":{"rendered":"<p>Thear Vestu\u00e1rio, est\u00e1 listo para rendir un sentido homenaje a la estimada poetisa y pastelera brasile\u00f1a Cora Coralina con su \u00faltima colecci\u00f3n, acertadamente llamada &#8220;Todas as Coras&#8221; (Todos los colores). Este homenaje no solo muestra la creatividad y el arte&hellip;<\/p>\n<p class=\"more-link-p\"><a class=\"more-link\" href=\"https:\/\/bobvarela.com\/?p=151816\">Read more &rarr;<\/a><\/p>\n","protected":false},"author":1,"featured_media":0,"comment_status":"open","ping_status":"open","sticky":false,"template":"","format":"standard","meta":{"ngg_post_thumbnail":0,"footnotes":""},"categories":[4],"tags":[],"class_list":["post-151816","post","type-post","status-publish","format-standard","hentry","category-moda"],"_links":{"self":[{"href":"https:\/\/bobvarela.com\/index.php?rest_route=\/wp\/v2\/posts\/151816","targetHints":{"allow":["GET"]}}],"collection":[{"href":"https:\/\/bobvarela.com\/index.php?rest_route=\/wp\/v2\/posts"}],"about":[{"href":"https:\/\/bobvarela.com\/index.php?rest_route=\/wp\/v2\/types\/post"}],"author":[{"embeddable":true,"href":"https:\/\/bobvarela.com\/index.php?rest_route=\/wp\/v2\/users\/1"}],"replies":[{"embeddable":true,"href":"https:\/\/bobvarela.com\/index.php?rest_route=%2Fwp%2Fv2%2Fcomments&post=151816"}],"version-history":[{"count":1,"href":"https:\/\/bobvarela.com\/index.php?rest_route=\/wp\/v2\/posts\/151816\/revisions"}],"predecessor-version":[{"id":151817,"href":"https:\/\/bobvarela.com\/index.php?rest_route=\/wp\/v2\/posts\/151816\/revisions\/151817"}],"wp:attachment":[{"href":"https:\/\/bobvarela.com\/index.php?rest_route=%2Fwp%2Fv2%2Fmedia&parent=151816"}],"wp:term":[{"taxonomy":"category","embeddable":true,"href":"https:\/\/bobvarela.com\/index.php?rest_route=%2Fwp%2Fv2%2Fcategories&post=151816"},{"taxonomy":"post_tag","embeddable":true,"href":"https:\/\/bobvarela.com\/index.php?rest_route=%2Fwp%2Fv2%2Ftags&post=151816"}],"curies":[{"name":"wp","href":"https:\/\/api.w.org\/{rel}","templated":true}]}}