{"id":152063,"date":"2023-06-18T17:58:52","date_gmt":"2023-06-18T21:58:52","guid":{"rendered":"https:\/\/bobvarela.com\/?p=152063"},"modified":"2023-06-18T17:58:52","modified_gmt":"2023-06-18T21:58:52","slug":"my-garden-tw-2023-de-juan-colon","status":"publish","type":"post","link":"https:\/\/bobvarela.com\/?p=152063","title":{"rendered":"My Garden TW 2023 de Juan Colon"},"content":{"rendered":"<p align=\"center\"><font size=\"3\"><a href=\"https:\/\/bobvarela.com\/wp-content\/uploads\/2023\/06\/IMG_1500-2.jpg\"><img loading=\"lazy\" decoding=\"async\" width=\"436\" height=\"294\" title=\"IMG_1500-2\" style=\"display: inline; background-image: none;\" alt=\"IMG_1500-2\" src=\"https:\/\/bobvarela.com\/wp-content\/uploads\/2023\/06\/IMG_1500-2_thumb.jpg\" border=\"0\"\/><\/a><\/font><\/p>\n<p align=\"justify\"><font size=\"3\">El Vivo Beach Club en Isla Verde fue escenario del desfile My Garden TW 2023 bajo el marco de la plataforma San Juan Moda, para que el dise\u00f1ador Juan Colon, presentara su nueva propuesta de la l\u00ednea JanCo Unlimited. Su desfile tiene el concepto Tiny World  que es creado para presentar en pasarela gente real, de estatura promedio, ni\u00f1os, damas, caballeros, curvy-plus, no binarios entre otros; diferente a lo que estamos acostumbrados a ver en pasarelas tradicionales.<\/font><\/p>\n<p align=\"justify\"><font size=\"3\">La nueva propuesta del dise\u00f1ador Juan Colon, est\u00e1 inspirada en los jardines que ha recorrido en sus viajes en diferentes pa\u00edses demostrando la frescura y calma que nos brindan los mismos, adem\u00e1s de ser lugares de reflexi\u00f3n y los pulmones de grandes ciudades y pa\u00edses. El pase de moda conto con textiles como chifones, encaje, algod\u00f3n y spandex. Una gama de colores como: variedades de blush, rosados, blancos y claro no puede faltar un peque\u00f1o toque de negro, fueron expuestos en el pase de modas, todo complementado con el arreglo de los modelos por Myrta V\u00e9lez y su crew del MVO Pro Makeup, los peinados por Myrangel Beauty Institute, carteras de Novus y lazos creados exclusivamente por la marca Lazetes para el desfile<\/font>.<\/p>\n<p align=\"justify\">ngg_shortcode_0_placeholder<\/p>\n","protected":false},"excerpt":{"rendered":"<p>El Vivo Beach Club en Isla Verde fue escenario del desfile My Garden TW 2023 bajo el marco de la plataforma San Juan Moda, para que el dise\u00f1ador Juan Colon, presentara su nueva propuesta de la l\u00ednea JanCo Unlimited. Su&hellip;<\/p>\n<p class=\"more-link-p\"><a class=\"more-link\" href=\"https:\/\/bobvarela.com\/?p=152063\">Read more &rarr;<\/a><\/p>\n","protected":false},"author":1,"featured_media":0,"comment_status":"open","ping_status":"open","sticky":false,"template":"","format":"standard","meta":{"ngg_post_thumbnail":0,"footnotes":""},"categories":[4,295],"tags":[],"class_list":["post-152063","post","type-post","status-publish","format-standard","hentry","category-moda","category-puerto-rico"],"_links":{"self":[{"href":"https:\/\/bobvarela.com\/index.php?rest_route=\/wp\/v2\/posts\/152063","targetHints":{"allow":["GET"]}}],"collection":[{"href":"https:\/\/bobvarela.com\/index.php?rest_route=\/wp\/v2\/posts"}],"about":[{"href":"https:\/\/bobvarela.com\/index.php?rest_route=\/wp\/v2\/types\/post"}],"author":[{"embeddable":true,"href":"https:\/\/bobvarela.com\/index.php?rest_route=\/wp\/v2\/users\/1"}],"replies":[{"embeddable":true,"href":"https:\/\/bobvarela.com\/index.php?rest_route=%2Fwp%2Fv2%2Fcomments&post=152063"}],"version-history":[{"count":1,"href":"https:\/\/bobvarela.com\/index.php?rest_route=\/wp\/v2\/posts\/152063\/revisions"}],"predecessor-version":[{"id":152064,"href":"https:\/\/bobvarela.com\/index.php?rest_route=\/wp\/v2\/posts\/152063\/revisions\/152064"}],"wp:attachment":[{"href":"https:\/\/bobvarela.com\/index.php?rest_route=%2Fwp%2Fv2%2Fmedia&parent=152063"}],"wp:term":[{"taxonomy":"category","embeddable":true,"href":"https:\/\/bobvarela.com\/index.php?rest_route=%2Fwp%2Fv2%2Fcategories&post=152063"},{"taxonomy":"post_tag","embeddable":true,"href":"https:\/\/bobvarela.com\/index.php?rest_route=%2Fwp%2Fv2%2Ftags&post=152063"}],"curies":[{"name":"wp","href":"https:\/\/api.w.org\/{rel}","templated":true}]}}