{"id":152742,"date":"2023-07-05T19:09:24","date_gmt":"2023-07-05T23:09:24","guid":{"rendered":"https:\/\/bobvarela.com\/?p=152742"},"modified":"2023-07-05T19:09:24","modified_gmt":"2023-07-05T23:09:24","slug":"natan-alta-costura-otoo-invierno-2023-2024","status":"publish","type":"post","link":"https:\/\/bobvarela.com\/?p=152742","title":{"rendered":"Natan Alta Costura Oto&ntilde;o Invierno 2023-2024"},"content":{"rendered":"<p align=\"justify\"><font size=\"3\">Ad\u00e9ntrate en un mundo de elegancia atemporal y esplendor real con la colecci\u00f3n Oto\u00f1o Invierno 2023-2024 de Natan Haute Couture, magistralmente elaborada por el dise\u00f1ador Edouard Vermeulen. Inspirada en la gracia y la sofisticaci\u00f3n de las familias reales europeas, esta colecci\u00f3n lleva la alta costura a nuevas alturas, encantando a los conocedores de la moda con su impecable artesan\u00eda y materiales lujosos. Con un enfoque cautivador en looks elegantes, seda virgen y dise\u00f1os dise\u00f1ados para el encanto aristocr\u00e1tico, Natan Haute Couture presenta una colecci\u00f3n que exuda opulencia y refinamiento.<\/font><\/p>\n<p align=\"justify\"><font size=\"3\">La colecci\u00f3n Oto\u00f1o Invierno de Natan Haute Couture encapsula la esencia del estilo cl\u00e1sico, presentando una variedad de prendas que combinan sin esfuerzo la est\u00e9tica tradicional con las sensibilidades contempor\u00e1neas. Los vestidos y conjuntos en exhibici\u00f3n rinden homenaje a la belleza atemporal favorecida por la realeza europea, capturando la esencia de la sofisticaci\u00f3n y la gracia. Con siluetas fluidas, cortes meticulosamente personalizados y atenci\u00f3n a cada detalle intrincado, Vermeulen se asegura de que cada pieza resuene con un aire de encanto aristocr\u00e1tico.<\/font><\/p>\n<p align=\"justify\"><font size=\"3\">ngg_shortcode_0_placeholder<\/font><\/p>\n","protected":false},"excerpt":{"rendered":"<p>Ad\u00e9ntrate en un mundo de elegancia atemporal y esplendor real con la colecci\u00f3n Oto\u00f1o Invierno 2023-2024 de Natan Haute Couture, magistralmente elaborada por el dise\u00f1ador Edouard Vermeulen. Inspirada en la gracia y la sofisticaci\u00f3n de las familias reales europeas, esta&hellip;<\/p>\n<p class=\"more-link-p\"><a class=\"more-link\" href=\"https:\/\/bobvarela.com\/?p=152742\">Read more &rarr;<\/a><\/p>\n","protected":false},"author":1,"featured_media":0,"comment_status":"open","ping_status":"open","sticky":false,"template":"","format":"standard","meta":{"ngg_post_thumbnail":0,"footnotes":""},"categories":[4,523],"tags":[],"class_list":["post-152742","post","type-post","status-publish","format-standard","hentry","category-moda","category-paris"],"_links":{"self":[{"href":"https:\/\/bobvarela.com\/index.php?rest_route=\/wp\/v2\/posts\/152742","targetHints":{"allow":["GET"]}}],"collection":[{"href":"https:\/\/bobvarela.com\/index.php?rest_route=\/wp\/v2\/posts"}],"about":[{"href":"https:\/\/bobvarela.com\/index.php?rest_route=\/wp\/v2\/types\/post"}],"author":[{"embeddable":true,"href":"https:\/\/bobvarela.com\/index.php?rest_route=\/wp\/v2\/users\/1"}],"replies":[{"embeddable":true,"href":"https:\/\/bobvarela.com\/index.php?rest_route=%2Fwp%2Fv2%2Fcomments&post=152742"}],"version-history":[{"count":1,"href":"https:\/\/bobvarela.com\/index.php?rest_route=\/wp\/v2\/posts\/152742\/revisions"}],"predecessor-version":[{"id":152743,"href":"https:\/\/bobvarela.com\/index.php?rest_route=\/wp\/v2\/posts\/152742\/revisions\/152743"}],"wp:attachment":[{"href":"https:\/\/bobvarela.com\/index.php?rest_route=%2Fwp%2Fv2%2Fmedia&parent=152742"}],"wp:term":[{"taxonomy":"category","embeddable":true,"href":"https:\/\/bobvarela.com\/index.php?rest_route=%2Fwp%2Fv2%2Fcategories&post=152742"},{"taxonomy":"post_tag","embeddable":true,"href":"https:\/\/bobvarela.com\/index.php?rest_route=%2Fwp%2Fv2%2Ftags&post=152742"}],"curies":[{"name":"wp","href":"https:\/\/api.w.org\/{rel}","templated":true}]}}