{"id":152923,"date":"2023-07-12T05:20:24","date_gmt":"2023-07-12T09:20:24","guid":{"rendered":"https:\/\/bobvarela.com\/?p=152923"},"modified":"2023-07-12T05:20:24","modified_gmt":"2023-07-12T09:20:24","slug":"giambattista-valli-otoo-invierno-2023-24-alta-costura","status":"publish","type":"post","link":"https:\/\/bobvarela.com\/?p=152923","title":{"rendered":"Giambattista Valli Oto&ntilde;o Invierno 2023-24  Alta Costura"},"content":{"rendered":"<p align=\"justify\"><font size=\"3\">La colecci\u00f3n Alta Costura Oto\u00f1o Invierno 2023-2024 de Giambattista Valli fue una celebraci\u00f3n de privacidad y excelencia. El desfile de moda tuvo lugar en la nueva sede de Valli, con un ambiente \u00edntimo adornado con habitaciones alfombradas de color crema y el delicado aroma de p\u00e9talos de rosa. Con esta colecci\u00f3n, Valli rindi\u00f3 homenaje a los ideales puristas de la alta costura al tiempo que abrazaba la naturaleza atemporal de la artesan\u00eda.<\/font><\/p>\n<p align=\"justify\"><font size=\"3\">El moodboard de Valli, que muestra fotos de archivo vintage en blanco y negro de la d\u00e9cada de 1950 junto con im\u00e1genes recientes de su propio taller, reflejaba su creencia de que la alta costura trasciende el tiempo. La colecci\u00f3n fue un testimonio de la noci\u00f3n de que la modernidad puede estar arraigada en el clasicismo. Al explorar la esencia del savoir faire, Valli se centr\u00f3 en dominar t\u00e9cnicas intrincadas para lograr vol\u00famenes ingr\u00e1vidos y construcciones innovadoras.<\/font><\/p>\n<p align=\"justify\"><font size=\"3\">Para Valli, cada vestido fue dise\u00f1ado como una personalidad distinta, que representa la individualidad y el car\u00e1cter. La colecci\u00f3n mostr\u00f3 una gama de siluetas, desde columnas fluidas hasta cupcakes ondulados, drapeados magistrales y crinolinas estructuradas. Al limitar la paleta de colores a negro profundo, blanco crudo, Bois de Rose y ocasionales r\u00e1fagas de absenta y plata, Valli mejor\u00f3 la claridad de su mensaje art\u00edstico. El estilo se mantuvo limpio y conciso, enfatizando la artesan\u00eda y el arte detr\u00e1s de cada prenda.<\/font><\/p>\n<p align=\"justify\">ngg_shortcode_0_placeholder<\/p>\n","protected":false},"excerpt":{"rendered":"<p>La colecci\u00f3n Alta Costura Oto\u00f1o Invierno 2023-2024 de Giambattista Valli fue una celebraci\u00f3n de privacidad y excelencia. El desfile de moda tuvo lugar en la nueva sede de Valli, con un ambiente \u00edntimo adornado con habitaciones alfombradas de color crema&hellip;<\/p>\n<p class=\"more-link-p\"><a class=\"more-link\" href=\"https:\/\/bobvarela.com\/?p=152923\">Read more &rarr;<\/a><\/p>\n","protected":false},"author":1,"featured_media":0,"comment_status":"open","ping_status":"open","sticky":false,"template":"","format":"standard","meta":{"ngg_post_thumbnail":0,"footnotes":""},"categories":[4,523],"tags":[],"class_list":["post-152923","post","type-post","status-publish","format-standard","hentry","category-moda","category-paris"],"_links":{"self":[{"href":"https:\/\/bobvarela.com\/index.php?rest_route=\/wp\/v2\/posts\/152923","targetHints":{"allow":["GET"]}}],"collection":[{"href":"https:\/\/bobvarela.com\/index.php?rest_route=\/wp\/v2\/posts"}],"about":[{"href":"https:\/\/bobvarela.com\/index.php?rest_route=\/wp\/v2\/types\/post"}],"author":[{"embeddable":true,"href":"https:\/\/bobvarela.com\/index.php?rest_route=\/wp\/v2\/users\/1"}],"replies":[{"embeddable":true,"href":"https:\/\/bobvarela.com\/index.php?rest_route=%2Fwp%2Fv2%2Fcomments&post=152923"}],"version-history":[{"count":1,"href":"https:\/\/bobvarela.com\/index.php?rest_route=\/wp\/v2\/posts\/152923\/revisions"}],"predecessor-version":[{"id":152924,"href":"https:\/\/bobvarela.com\/index.php?rest_route=\/wp\/v2\/posts\/152923\/revisions\/152924"}],"wp:attachment":[{"href":"https:\/\/bobvarela.com\/index.php?rest_route=%2Fwp%2Fv2%2Fmedia&parent=152923"}],"wp:term":[{"taxonomy":"category","embeddable":true,"href":"https:\/\/bobvarela.com\/index.php?rest_route=%2Fwp%2Fv2%2Fcategories&post=152923"},{"taxonomy":"post_tag","embeddable":true,"href":"https:\/\/bobvarela.com\/index.php?rest_route=%2Fwp%2Fv2%2Ftags&post=152923"}],"curies":[{"name":"wp","href":"https:\/\/api.w.org\/{rel}","templated":true}]}}