{"id":153288,"date":"2023-07-26T07:35:22","date_gmt":"2023-07-26T11:35:22","guid":{"rendered":"https:\/\/bobvarela.com\/?p=153288"},"modified":"2023-07-26T07:35:22","modified_gmt":"2023-07-26T11:35:22","slug":"imane-ayissi-couture-otoo-2023","status":"publish","type":"post","link":"https:\/\/bobvarela.com\/?p=153288","title":{"rendered":"Imane Ayissi Couture Oto&ntilde;o 2023"},"content":{"rendered":"<p align=\"justify\"><font size=\"3\">La belleza, lo que sea que eso signifique en un nivel subjetivo, es una b\u00fasqueda humana universal, reflexion\u00f3 Imane Ayissi cuando trabajaba en su colecci\u00f3n de oto\u00f1o. Su punto de partida fue la obra del pintor ruso Paul Chmaroff, que descubri\u00f3 en la colecci\u00f3n de Thierry Schneider. Le llam\u00f3 la atenci\u00f3n la idea de que, a pesar de no entenderlo necesariamente, inmediatamente apreci\u00f3 su belleza. &#8220;Encontr\u00e9 la forma en que trabajaba con la luz, con el color, muy interesante, su sensibilidad hacia las personas que retrata, y me pareci\u00f3 realmente hermosa&#8221;, dijo entre bastidores antes del espect\u00e1culo.<\/font><\/p>\n<p align=\"justify\"><font size=\"3\">Estableci\u00f3 paralelismos con su propio proceso creativo; Todo comienza con una l\u00ednea, o un c\u00edrculo, en la p\u00e1gina o lienzo, dijo. La palabra Ewondo para c\u00edrculo, &#8220;Mguilguidigueu-Mteun&#8221;, dio nombre a la colecci\u00f3n.<\/font><\/p>\n<p align=\"justify\"><font size=\"3\">Los motivos circulares son una caracter\u00edstica habitual en los dise\u00f1os de Ayissi, pero aqu\u00ed ocuparon un lugar central, trabajados en rondas con volantes unidos geom\u00e9tricamente en una variedad de formas de vestido o como detalles decorativos que resaltan la figura en separaciones a medida.<\/font><\/p>\n<p align=\"justify\"><font size=\"3\">Otros discos ven\u00edan en tapas de cota de malla hechas de trozos de Obom, la corteza batida del \u00e1rbol de aloe con la que se hac\u00eda la ropa en partes de \u00c1frica antes de la llegada de la tela, explic\u00f3 Ayissi. Es solo una de las formas en que continu\u00f3 llevando las t\u00e9cnicas artesanales africanas al podio internacional de la moda.<\/font><\/p>\n<p align=\"justify\"><font size=\"3\">Vestidos de corte sesgado l\u00edquido y pantalones anchos mezclados con dise\u00f1os de t\u00fanica en tonos vivos retorcidos con construcciones de alta costura, arrastrados con lazos gigantes o adornados con detalles dram\u00e1ticos de rafia.<\/font><\/p>\n<p align=\"justify\"><font size=\"3\">La reverencia a la naturaleza era importante, dijo Ayissi, y busc\u00f3 priorizar materiales naturales como la seda y el lino, as\u00ed como la viscosa de bamb\u00fa sostenible, Kent\u00e9 y tela bazin te\u00f1ida, un tipo de damasco. Una chaqueta te\u00f1ida adire en tonos de verde evocaba un dosel de bosque aireado mirando hacia abajo en el mundo de abajo. &#8220;Hay una sensibilidad hacia la naturaleza y el mundo, de \u00c1frica mezcl\u00e1ndose con el mundo y evolucionando con el mundo, porque no podemos evolucionar sin \u00c1frica&#8221;, dijo Ayissi.<\/font><\/p>\n<p align=\"justify\">ngg_shortcode_0_placeholder<\/p>\n","protected":false},"excerpt":{"rendered":"<p>La belleza, lo que sea que eso signifique en un nivel subjetivo, es una b\u00fasqueda humana universal, reflexion\u00f3 Imane Ayissi cuando trabajaba en su colecci\u00f3n de oto\u00f1o. Su punto de partida fue la obra del pintor ruso Paul Chmaroff, que&hellip;<\/p>\n<p class=\"more-link-p\"><a class=\"more-link\" href=\"https:\/\/bobvarela.com\/?p=153288\">Read more &rarr;<\/a><\/p>\n","protected":false},"author":1,"featured_media":0,"comment_status":"open","ping_status":"open","sticky":false,"template":"","format":"standard","meta":{"ngg_post_thumbnail":0,"footnotes":""},"categories":[4,523],"tags":[],"class_list":["post-153288","post","type-post","status-publish","format-standard","hentry","category-moda","category-paris"],"_links":{"self":[{"href":"https:\/\/bobvarela.com\/index.php?rest_route=\/wp\/v2\/posts\/153288","targetHints":{"allow":["GET"]}}],"collection":[{"href":"https:\/\/bobvarela.com\/index.php?rest_route=\/wp\/v2\/posts"}],"about":[{"href":"https:\/\/bobvarela.com\/index.php?rest_route=\/wp\/v2\/types\/post"}],"author":[{"embeddable":true,"href":"https:\/\/bobvarela.com\/index.php?rest_route=\/wp\/v2\/users\/1"}],"replies":[{"embeddable":true,"href":"https:\/\/bobvarela.com\/index.php?rest_route=%2Fwp%2Fv2%2Fcomments&post=153288"}],"version-history":[{"count":1,"href":"https:\/\/bobvarela.com\/index.php?rest_route=\/wp\/v2\/posts\/153288\/revisions"}],"predecessor-version":[{"id":153289,"href":"https:\/\/bobvarela.com\/index.php?rest_route=\/wp\/v2\/posts\/153288\/revisions\/153289"}],"wp:attachment":[{"href":"https:\/\/bobvarela.com\/index.php?rest_route=%2Fwp%2Fv2%2Fmedia&parent=153288"}],"wp:term":[{"taxonomy":"category","embeddable":true,"href":"https:\/\/bobvarela.com\/index.php?rest_route=%2Fwp%2Fv2%2Fcategories&post=153288"},{"taxonomy":"post_tag","embeddable":true,"href":"https:\/\/bobvarela.com\/index.php?rest_route=%2Fwp%2Fv2%2Ftags&post=153288"}],"curies":[{"name":"wp","href":"https:\/\/api.w.org\/{rel}","templated":true}]}}