{"id":153333,"date":"2023-07-27T07:11:18","date_gmt":"2023-07-27T11:11:18","guid":{"rendered":"https:\/\/bobvarela.com\/?p=153333"},"modified":"2023-07-27T07:11:18","modified_gmt":"2023-07-27T11:11:18","slug":"mara-elena-villamil-inaugur-la-edicin-nmero-34-de-colombiamoda-colombiatex-con-su-coleccin-lmites-indefinidos","status":"publish","type":"post","link":"https:\/\/bobvarela.com\/?p=153333","title":{"rendered":"Mar&iacute;a Elena Villamil inaugur&oacute; la edici&oacute;n n&uacute;mero 34 de Colombiamoda + Colombiatex con su colecci&oacute;n &ldquo;L&iacute;mites Indefinidos&rdquo; ."},"content":{"rendered":"<p align=\"justify\"><font size=\"3\">Con su nueva colecci\u00f3n \u201cL\u00edmites Indefinidos\u201d, la dise\u00f1adora vallecaucana de coraz\u00f3n Maria Elena Villamil inaugur\u00f3 la edici\u00f3n n\u00famero 34 de Colombiamoda + Colombiatex. Esta dise\u00f1adora que desde hace m\u00e1s de 30 a\u00f1os ha hecho parte de la realizaci\u00f3n de este evento, present\u00f3 una propuesta de dise\u00f1o que trasciende e inspira a trav\u00e9s de una conexi\u00f3n profunda con las emociones y que adem\u00e1s hace parte de la celebraci\u00f3n de los 35 a\u00f1os de Inexmoda.<\/font><\/p>\n<p align=\"justify\"><font size=\"3\">Con esta colecci\u00f3n que desarroll\u00f3 a partir de la corriente de expresionismo absoluto y con un tributo al uso del color como eje central, se realiz\u00f3 la primera pasarela de esta feria, una propuesta arriesgada, visionaria y que sobrepas\u00f3 lo establecido para resaltar el valor que tiene el proceso creativo para la conexi\u00f3n con el arte y la inspiraci\u00f3n.&nbsp; \u201cL\u00edmites Indefinidos\u201d estuvo llena de vol\u00famenes, texturas, colores y sensaciones, que permitieron que los asistentes a este desfile fuesen testigos del potencial y crecimiento del talento nacional en moda.<\/font><\/p>\n<p align=\"justify\">ngg_shortcode_0_placeholder<\/p>\n","protected":false},"excerpt":{"rendered":"<p>Con su nueva colecci\u00f3n \u201cL\u00edmites Indefinidos\u201d, la dise\u00f1adora vallecaucana de coraz\u00f3n Maria Elena Villamil inaugur\u00f3 la edici\u00f3n n\u00famero 34 de Colombiamoda + Colombiatex. Esta dise\u00f1adora que desde hace m\u00e1s de 30 a\u00f1os ha hecho parte de la realizaci\u00f3n de este&hellip;<\/p>\n<p class=\"more-link-p\"><a class=\"more-link\" href=\"https:\/\/bobvarela.com\/?p=153333\">Read more &rarr;<\/a><\/p>\n","protected":false},"author":1,"featured_media":0,"comment_status":"open","ping_status":"open","sticky":false,"template":"","format":"standard","meta":{"ngg_post_thumbnail":0,"footnotes":""},"categories":[4],"tags":[],"class_list":["post-153333","post","type-post","status-publish","format-standard","hentry","category-moda"],"_links":{"self":[{"href":"https:\/\/bobvarela.com\/index.php?rest_route=\/wp\/v2\/posts\/153333","targetHints":{"allow":["GET"]}}],"collection":[{"href":"https:\/\/bobvarela.com\/index.php?rest_route=\/wp\/v2\/posts"}],"about":[{"href":"https:\/\/bobvarela.com\/index.php?rest_route=\/wp\/v2\/types\/post"}],"author":[{"embeddable":true,"href":"https:\/\/bobvarela.com\/index.php?rest_route=\/wp\/v2\/users\/1"}],"replies":[{"embeddable":true,"href":"https:\/\/bobvarela.com\/index.php?rest_route=%2Fwp%2Fv2%2Fcomments&post=153333"}],"version-history":[{"count":1,"href":"https:\/\/bobvarela.com\/index.php?rest_route=\/wp\/v2\/posts\/153333\/revisions"}],"predecessor-version":[{"id":153334,"href":"https:\/\/bobvarela.com\/index.php?rest_route=\/wp\/v2\/posts\/153333\/revisions\/153334"}],"wp:attachment":[{"href":"https:\/\/bobvarela.com\/index.php?rest_route=%2Fwp%2Fv2%2Fmedia&parent=153333"}],"wp:term":[{"taxonomy":"category","embeddable":true,"href":"https:\/\/bobvarela.com\/index.php?rest_route=%2Fwp%2Fv2%2Fcategories&post=153333"},{"taxonomy":"post_tag","embeddable":true,"href":"https:\/\/bobvarela.com\/index.php?rest_route=%2Fwp%2Fv2%2Ftags&post=153333"}],"curies":[{"name":"wp","href":"https:\/\/api.w.org\/{rel}","templated":true}]}}