{"id":153376,"date":"2023-07-27T07:19:08","date_gmt":"2023-07-27T11:19:08","guid":{"rendered":"https:\/\/bobvarela.com\/?p=153376"},"modified":"2023-07-27T07:19:08","modified_gmt":"2023-07-27T11:19:08","slug":"andrs-pajn-presento-casablanca-en-colombia-moda","status":"publish","type":"post","link":"https:\/\/bobvarela.com\/?p=153376","title":{"rendered":"ANDR&Eacute;S PAJ&Oacute;N PRESENTO CASABLANCA EN COLOMBIA MODA"},"content":{"rendered":"<p align=\"justify\"><font size=\"3\"><em>Casablanca<\/em> es el nombre de la colecci\u00f3n que la firma presentar\u00e1, una historia que evoca una traves\u00eda m\u00e1gica y seductora desde esta m\u00edtica ciudad marroqu\u00ed, hasta el desierto del Sahara. En esta oportunidad, Andr\u00e9s y Felipe, los directores creativos de la marca, imaginaron un viaje a trav\u00e9s de Marruecos, un recorrido inspirador influenciado por el bagaje cultural \u00e1rabe, la arquitectura francesa de principio del siglo XX y la geograf\u00eda exuberante del desierto.&nbsp; Una historia que plasma la fascinaci\u00f3n de la firma por las calles, las casas, los colores, la iconograf\u00eda, los atardeceres y los paisajes de una regi\u00f3n llena de m\u00edstica y encanto.<\/font><\/p>\n<p align=\"justify\"><font size=\"3\">As\u00ed las cosas, al momento de dise\u00f1ar la colecci\u00f3n, imaginaron a la mujer Andr\u00e9s Paj\u00f3n recorriendo en la noche una tradicional calle de Casablanca o caminando en las dunas del desierto del Sahara mientras atardece.&nbsp; Una traves\u00eda de moda contada a trav\u00e9s de una pasarela de cuarenta y cuatro&nbsp; salidas, que configuran el armario de una mujer que viaja por Marruecos y se mezcla con el misticismo de la cultura del lugar. Sus trajes, blusas y faldas, develan una paleta de color alineada a los escenarios que visita; aparecen entonces los tonos rojizos como el vino y el escarlata, los cuales transitan a los colores tierra y arena, para finalmente darle paso al crema, al dorado y al negro, colores que en esta colecci\u00f3n representan la llegada de la noche en medio del desierto.<\/font><\/p>\n<p align=\"justify\"><font size=\"3\">Casablanca se caracteriza por siluetas fluidas, en su mayor\u00eda, elaboradas en sedas de diferentes composiciones. Algunos de los dise\u00f1os fueron intervenidos con plumas y recamados de cristales de la India y, los corpi\u00f1os fueron drapeados sobre el gabar\u00ed.&nbsp; As\u00ed mismo, un segmento de las prendas fueron estampadas con prints inspirados en mosaicos \u00e1rabes y editoriales de moda realizadas en Marruecos durante la d\u00e9cada del sesenta; estas graf\u00edas fueron realizadas de manera exclusiva para la firma por la ilustradora Barbara Wiesner Peroni. La joyer\u00eda, tambi\u00e9n inspirada en la iconograf\u00eda \u00e1rabe, estuvo a cargo de \u00c1lvaro \u00c1vila, quien realiz\u00f3 aretes, brazaletes, collares y broches, hechos y pintados a mano. Por su parte, la dise\u00f1adora Patricia Mej\u00eda tuvo a cargo todo el calzado de la colecci\u00f3n.<\/font><\/p>\n<p align=\"justify\">ngg_shortcode_0_placeholder<\/p>\n<p align=\"justify\"><font size=\"3\"><br \/><\/font><\/p>\n","protected":false},"excerpt":{"rendered":"<p>Casablanca es el nombre de la colecci\u00f3n que la firma presentar\u00e1, una historia que evoca una traves\u00eda m\u00e1gica y seductora desde esta m\u00edtica ciudad marroqu\u00ed, hasta el desierto del Sahara. En esta oportunidad, Andr\u00e9s y Felipe, los directores creativos de&hellip;<\/p>\n<p class=\"more-link-p\"><a class=\"more-link\" href=\"https:\/\/bobvarela.com\/?p=153376\">Read more &rarr;<\/a><\/p>\n","protected":false},"author":1,"featured_media":0,"comment_status":"open","ping_status":"open","sticky":false,"template":"","format":"standard","meta":{"ngg_post_thumbnail":0,"footnotes":""},"categories":[417,4],"tags":[],"class_list":["post-153376","post","type-post","status-publish","format-standard","hentry","category-colombiamoda","category-moda"],"_links":{"self":[{"href":"https:\/\/bobvarela.com\/index.php?rest_route=\/wp\/v2\/posts\/153376","targetHints":{"allow":["GET"]}}],"collection":[{"href":"https:\/\/bobvarela.com\/index.php?rest_route=\/wp\/v2\/posts"}],"about":[{"href":"https:\/\/bobvarela.com\/index.php?rest_route=\/wp\/v2\/types\/post"}],"author":[{"embeddable":true,"href":"https:\/\/bobvarela.com\/index.php?rest_route=\/wp\/v2\/users\/1"}],"replies":[{"embeddable":true,"href":"https:\/\/bobvarela.com\/index.php?rest_route=%2Fwp%2Fv2%2Fcomments&post=153376"}],"version-history":[{"count":2,"href":"https:\/\/bobvarela.com\/index.php?rest_route=\/wp\/v2\/posts\/153376\/revisions"}],"predecessor-version":[{"id":153442,"href":"https:\/\/bobvarela.com\/index.php?rest_route=\/wp\/v2\/posts\/153376\/revisions\/153442"}],"wp:attachment":[{"href":"https:\/\/bobvarela.com\/index.php?rest_route=%2Fwp%2Fv2%2Fmedia&parent=153376"}],"wp:term":[{"taxonomy":"category","embeddable":true,"href":"https:\/\/bobvarela.com\/index.php?rest_route=%2Fwp%2Fv2%2Fcategories&post=153376"},{"taxonomy":"post_tag","embeddable":true,"href":"https:\/\/bobvarela.com\/index.php?rest_route=%2Fwp%2Fv2%2Ftags&post=153376"}],"curies":[{"name":"wp","href":"https:\/\/api.w.org\/{rel}","templated":true}]}}