{"id":153552,"date":"2023-08-09T06:11:03","date_gmt":"2023-08-09T10:11:03","guid":{"rendered":"https:\/\/bobvarela.com\/?p=153552"},"modified":"2023-08-09T06:11:03","modified_gmt":"2023-08-09T10:11:03","slug":"marcel-ostertag-coleccin-primavera-verano-2024","status":"publish","type":"post","link":"https:\/\/bobvarela.com\/?p=153552","title":{"rendered":"Marcel Ostertag Colecci&oacute;n Primavera Verano 2024"},"content":{"rendered":"<p align=\"justify\"><font size=\"3\">Con la presentaci\u00f3n de su colecci\u00f3n Primavera Verano 2024 titulada &#8216;<em>Somewhere over the rainbow<\/em>&#8216;, el dise\u00f1ador alem\u00e1n <strong>Marcel Ostertag<\/strong> invita a su p\u00fablico a guiarlo en un viaje imaginario a sus lugares de ensue\u00f1o favoritos. Por lo tanto, utiliza el arco iris como una met\u00e1fora entre la realidad y el mundo de los sue\u00f1os. Adem\u00e1s, quiere animar a su audiencia a dejar atr\u00e1s las experiencias y pensamientos negativos, y hacer un nuevo comienzo hacia un futuro positivo lleno de recuerdos brillantes, frescos y nuevos. Juntos, los invitados entran en el arco iris y viajan a lugares coloridos llenos de amor, felicidad, paz y respeto.<\/font><\/p>\n<p align=\"justify\"><font size=\"3\">Toda la l\u00ednea puede interpretarse como una oda para disfrutar de la vida que est\u00e1s viviendo al m\u00e1ximo e ir con confianza en la direcci\u00f3n de tus sue\u00f1os. La elecci\u00f3n de colores brillantes y llamativos de esta gama subraya este ambiente alegre. Como seres humanos tenemos la oportunidad de regocijarnos en las cosas hermosas que la vida tiene para ofrecer, como la m\u00fasica, el arte, la literatura y la moda. Entonces, \u00bfpor qu\u00e9 no dejar atr\u00e1s los pensamientos negativos y atreverse a hacer un nuevo comienzo?<\/font><\/p>\nngg_shortcode_0_placeholder\n","protected":false},"excerpt":{"rendered":"<p>Con la presentaci\u00f3n de su colecci\u00f3n Primavera Verano 2024 titulada &#8216;Somewhere over the rainbow&#8216;, el dise\u00f1ador alem\u00e1n Marcel Ostertag invita a su p\u00fablico a guiarlo en un viaje imaginario a sus lugares de ensue\u00f1o favoritos. Por lo tanto, utiliza el&hellip;<\/p>\n<p class=\"more-link-p\"><a class=\"more-link\" href=\"https:\/\/bobvarela.com\/?p=153552\">Read more &rarr;<\/a><\/p>\n","protected":false},"author":1,"featured_media":0,"comment_status":"open","ping_status":"open","sticky":false,"template":"","format":"standard","meta":{"ngg_post_thumbnail":0,"footnotes":""},"categories":[4],"tags":[],"class_list":["post-153552","post","type-post","status-publish","format-standard","hentry","category-moda"],"_links":{"self":[{"href":"https:\/\/bobvarela.com\/index.php?rest_route=\/wp\/v2\/posts\/153552","targetHints":{"allow":["GET"]}}],"collection":[{"href":"https:\/\/bobvarela.com\/index.php?rest_route=\/wp\/v2\/posts"}],"about":[{"href":"https:\/\/bobvarela.com\/index.php?rest_route=\/wp\/v2\/types\/post"}],"author":[{"embeddable":true,"href":"https:\/\/bobvarela.com\/index.php?rest_route=\/wp\/v2\/users\/1"}],"replies":[{"embeddable":true,"href":"https:\/\/bobvarela.com\/index.php?rest_route=%2Fwp%2Fv2%2Fcomments&post=153552"}],"version-history":[{"count":2,"href":"https:\/\/bobvarela.com\/index.php?rest_route=\/wp\/v2\/posts\/153552\/revisions"}],"predecessor-version":[{"id":153651,"href":"https:\/\/bobvarela.com\/index.php?rest_route=\/wp\/v2\/posts\/153552\/revisions\/153651"}],"wp:attachment":[{"href":"https:\/\/bobvarela.com\/index.php?rest_route=%2Fwp%2Fv2%2Fmedia&parent=153552"}],"wp:term":[{"taxonomy":"category","embeddable":true,"href":"https:\/\/bobvarela.com\/index.php?rest_route=%2Fwp%2Fv2%2Fcategories&post=153552"},{"taxonomy":"post_tag","embeddable":true,"href":"https:\/\/bobvarela.com\/index.php?rest_route=%2Fwp%2Fv2%2Ftags&post=153552"}],"curies":[{"name":"wp","href":"https:\/\/api.w.org\/{rel}","templated":true}]}}