{"id":153778,"date":"2023-08-18T06:40:20","date_gmt":"2023-08-18T10:40:20","guid":{"rendered":"https:\/\/bobvarela.com\/?p=153778"},"modified":"2023-08-18T06:40:20","modified_gmt":"2023-08-18T10:40:20","slug":"trueque-por-sanel-rivera","status":"publish","type":"post","link":"https:\/\/bobvarela.com\/?p=153778","title":{"rendered":"&ldquo;Trueque&rdquo; por Sanel Rivera"},"content":{"rendered":"<p align=\"justify\"><font size=\"3\">El pasado&nbsp; 12 de agosto de 2023 se llev\u00f3 a cabo la presentaci\u00f3n de la colecci\u00f3n \u201cTrueque\u201d (2024) del dise\u00f1ador de modas puertorrique\u00f1o Sanel Rivera, en el Museo Casa Blanca ubicado en el Viejo San Juan.<\/font><\/p>\n<p align=\"justify\"><font size=\"3\">Para la apertura Rivera opt\u00f3 por recrear una estampa veneciana, utilizando dos modelos que luc\u00edan dise\u00f1os inspirados en el t\u00edpico color verde de Venecia, m\u00e1scara y sombrilla de tela. Con el sonido del coqu\u00ed de fondo y al ritmo de tambores comenz\u00f3 la fusi\u00f3n cultural, utilizando el color verde y rosado del moriviv\u00ed, planta emblem\u00e1tica de la ciudad criolla, Caguas. Se observan fibras naturales como seda, algod\u00f3n, chif\u00f3n y textiles de material reciclado entre otros. A su vez lo s tonos azules oscuros y cremas que nos transportan a nuestra Isla del Encanto.<\/font><\/p>\n<p align=\"justify\">ngg_shortcode_0_placeholder<\/p>\n","protected":false},"excerpt":{"rendered":"<p>El pasado&nbsp; 12 de agosto de 2023 se llev\u00f3 a cabo la presentaci\u00f3n de la colecci\u00f3n \u201cTrueque\u201d (2024) del dise\u00f1ador de modas puertorrique\u00f1o Sanel Rivera, en el Museo Casa Blanca ubicado en el Viejo San Juan. Para la apertura Rivera&hellip;<\/p>\n<p class=\"more-link-p\"><a class=\"more-link\" href=\"https:\/\/bobvarela.com\/?p=153778\">Read more &rarr;<\/a><\/p>\n","protected":false},"author":1,"featured_media":0,"comment_status":"open","ping_status":"open","sticky":false,"template":"","format":"standard","meta":{"ngg_post_thumbnail":0,"footnotes":""},"categories":[4,295],"tags":[],"class_list":["post-153778","post","type-post","status-publish","format-standard","hentry","category-moda","category-puerto-rico"],"_links":{"self":[{"href":"https:\/\/bobvarela.com\/index.php?rest_route=\/wp\/v2\/posts\/153778","targetHints":{"allow":["GET"]}}],"collection":[{"href":"https:\/\/bobvarela.com\/index.php?rest_route=\/wp\/v2\/posts"}],"about":[{"href":"https:\/\/bobvarela.com\/index.php?rest_route=\/wp\/v2\/types\/post"}],"author":[{"embeddable":true,"href":"https:\/\/bobvarela.com\/index.php?rest_route=\/wp\/v2\/users\/1"}],"replies":[{"embeddable":true,"href":"https:\/\/bobvarela.com\/index.php?rest_route=%2Fwp%2Fv2%2Fcomments&post=153778"}],"version-history":[{"count":1,"href":"https:\/\/bobvarela.com\/index.php?rest_route=\/wp\/v2\/posts\/153778\/revisions"}],"predecessor-version":[{"id":153779,"href":"https:\/\/bobvarela.com\/index.php?rest_route=\/wp\/v2\/posts\/153778\/revisions\/153779"}],"wp:attachment":[{"href":"https:\/\/bobvarela.com\/index.php?rest_route=%2Fwp%2Fv2%2Fmedia&parent=153778"}],"wp:term":[{"taxonomy":"category","embeddable":true,"href":"https:\/\/bobvarela.com\/index.php?rest_route=%2Fwp%2Fv2%2Fcategories&post=153778"},{"taxonomy":"post_tag","embeddable":true,"href":"https:\/\/bobvarela.com\/index.php?rest_route=%2Fwp%2Fv2%2Ftags&post=153778"}],"curies":[{"name":"wp","href":"https:\/\/api.w.org\/{rel}","templated":true}]}}